{"id":1209,"date":"2014-06-17T15:32:36","date_gmt":"2014-06-17T15:32:36","guid":{"rendered":"http:\/\/tomaskalabis.com\/wordpress\/?p=1209"},"modified":"2016-03-09T09:01:00","modified_gmt":"2016-03-09T09:01:00","slug":"windows-7-work-folders","status":"publish","type":"post","link":"https:\/\/tomaskalabis.com\/wordpress\/windows-7-work-folders\/","title":{"rendered":"Windows 7 &#8211; Work Folders"},"content":{"rendered":"<p>Ji\u017e n\u011bjakou dobu jsou WorkFolders neboli pracovn\u00ed slo\u017eky k dispozici tak\u00e9 pro Windows 7 &#8211; verze Professional, Enterprise a Ultimate.<\/p>\n<p><a href=\"http:\/\/tomaskalabis.com\/wordpress\/wp-content\/uploads\/2014\/06\/4.png\"><img decoding=\"async\" loading=\"lazy\" class=\"alignnone size-full wp-image-1211\" src=\"http:\/\/tomaskalabis.com\/wordpress\/wp-content\/uploads\/2014\/06\/4.png\" alt=\"4\" width=\"478\" height=\"106\" srcset=\"https:\/\/tomaskalabis.com\/wordpress\/wp-content\/uploads\/2014\/06\/4.png 478w, https:\/\/tomaskalabis.com\/wordpress\/wp-content\/uploads\/2014\/06\/4-288x63.png 288w\" sizes=\"(max-width: 478px) 100vw, 478px\" \/><\/a><\/p>\n<p>Jak 32 bit release i 64 bit release jsou voln\u011b ke sta\u017een\u00ed na webu Microsoftu<\/p>\n<ul>\n<li><a href=\"http:\/\/www.microsoft.com\/en-us\/download\/details.aspx?id=42559\" target=\"_blank\">32 bit release<\/a><\/li>\n<li><a href=\"http:\/\/www.microsoft.com\/en-us\/download\/details.aspx?id=42558\" target=\"_blank\">64 bit release<\/a><\/li>\n<\/ul>\n<p>Pro \u00fasp\u011b\u0161nou implementaci Work Folders na Windows 7 je SP1 <em>+ klient mus\u00ed b\u00fdt \u010dlenem\u00a0do dom\u00e9ny.\u00a0<\/em><\/p>\n<p><a href=\"http:\/\/tomaskalabis.com\/wordpress\/wp-content\/uploads\/2014\/06\/3.png\"><img decoding=\"async\" loading=\"lazy\" class=\"alignnone size-full wp-image-1210\" src=\"http:\/\/tomaskalabis.com\/wordpress\/wp-content\/uploads\/2014\/06\/3.png\" alt=\"3\" width=\"366\" height=\"218\" srcset=\"https:\/\/tomaskalabis.com\/wordpress\/wp-content\/uploads\/2014\/06\/3.png 366w, https:\/\/tomaskalabis.com\/wordpress\/wp-content\/uploads\/2014\/06\/3-288x171.png 288w\" sizes=\"(max-width: 366px) 100vw, 366px\" \/><\/a><\/p>\n","protected":false},"excerpt":{"rendered":"<p>Ji\u017e n\u011bjakou dobu jsou WorkFolders neboli pracovn\u00ed slo\u017eky k dispozici tak\u00e9 pro Windows 7 &#8211; verze Professional, Enterprise a Ultimate. Jak 32 bit release i 64 bit release jsou voln\u011b &#8230;<\/p>\n","protected":false},"author":2,"featured_media":2117,"comment_status":"open","ping_status":"open","sticky":false,"template":"","format":"standard","meta":{"_monsterinsights_skip_tracking":false,"_monsterinsights_sitenote_active":false,"_monsterinsights_sitenote_note":"","_monsterinsights_sitenote_category":0,"footnotes":""},"categories":[21],"tags":[209,119],"yoast_head":"<!-- This site is optimized with the Yoast SEO plugin v22.5 - https:\/\/yoast.com\/wordpress\/plugins\/seo\/ -->\n<title>Windows 7 - Work Folders<\/title>\n<meta name=\"description\" content=\"Windows 7 - Work Folders , Ji\u017e n\u011bjakou dobu jsou WorkFolders neboli pracovn\u00ed slo\u017eky k dispozici tak\u00e9 pro Windows 7 - verze Professional, Enterprise a Ultimate.\" \/>\n<meta name=\"robots\" content=\"index, follow, max-snippet:-1, max-image-preview:large, max-video-preview:-1\" \/>\n<link rel=\"canonical\" href=\"https:\/\/tomaskalabis.com\/wordpress\/windows-7-work-folders\/\" \/>\n<meta property=\"og:locale\" content=\"cs_CZ\" \/>\n<meta property=\"og:type\" content=\"article\" \/>\n<meta property=\"og:title\" content=\"Windows 7 - Work Folders\" \/>\n<meta property=\"og:description\" content=\"Windows 7 - Work Folders , Ji\u017e n\u011bjakou dobu jsou WorkFolders neboli pracovn\u00ed slo\u017eky k dispozici tak\u00e9 pro Windows 7 - verze Professional, Enterprise a Ultimate.\" \/>\n<meta property=\"og:url\" content=\"https:\/\/tomaskalabis.com\/wordpress\/windows-7-work-folders\/\" \/>\n<meta property=\"og:site_name\" content=\"tomaskalabis.com\" \/>\n<meta property=\"article:published_time\" content=\"2014-06-17T15:32:36+00:00\" \/>\n<meta property=\"article:modified_time\" content=\"2016-03-09T09:01:00+00:00\" \/>\n<meta property=\"og:image\" content=\"https:\/\/tomaskalabis.com\/wordpress\/wp-content\/uploads\/2014\/11\/icon_windows7.png\" \/>\n\t<meta property=\"og:image:width\" content=\"173\" \/>\n\t<meta property=\"og:image:height\" content=\"176\" \/>\n\t<meta property=\"og:image:type\" content=\"image\/png\" \/>\n<meta name=\"author\" content=\"Tomas Kalabis\" \/>\n<meta name=\"twitter:label1\" content=\"Napsal(a)\" \/>\n\t<meta name=\"twitter:data1\" content=\"Tomas Kalabis\" \/>\n<script type=\"application\/ld+json\" class=\"yoast-schema-graph\">{\"@context\":\"https:\/\/schema.org\",\"@graph\":[{\"@type\":\"WebPage\",\"@id\":\"https:\/\/tomaskalabis.com\/wordpress\/windows-7-work-folders\/\",\"url\":\"https:\/\/tomaskalabis.com\/wordpress\/windows-7-work-folders\/\",\"name\":\"Windows 7 - Work Folders\",\"isPartOf\":{\"@id\":\"https:\/\/tomaskalabis.com\/wordpress\/#website\"},\"primaryImageOfPage\":{\"@id\":\"https:\/\/tomaskalabis.com\/wordpress\/windows-7-work-folders\/#primaryimage\"},\"image\":{\"@id\":\"https:\/\/tomaskalabis.com\/wordpress\/windows-7-work-folders\/#primaryimage\"},\"thumbnailUrl\":\"https:\/\/tomaskalabis.com\/wordpress\/wp-content\/uploads\/2014\/11\/icon_windows7.png\",\"datePublished\":\"2014-06-17T15:32:36+00:00\",\"dateModified\":\"2016-03-09T09:01:00+00:00\",\"author\":{\"@id\":\"https:\/\/tomaskalabis.com\/wordpress\/#\/schema\/person\/8e7e83f618a561ed3734a38cef4cf1d6\"},\"description\":\"Windows 7 - Work Folders , Ji\u017e n\u011bjakou dobu jsou WorkFolders neboli pracovn\u00ed slo\u017eky k dispozici tak\u00e9 pro Windows 7 - verze Professional, Enterprise a Ultimate.\",\"breadcrumb\":{\"@id\":\"https:\/\/tomaskalabis.com\/wordpress\/windows-7-work-folders\/#breadcrumb\"},\"inLanguage\":\"cs\",\"potentialAction\":[{\"@type\":\"ReadAction\",\"target\":[\"https:\/\/tomaskalabis.com\/wordpress\/windows-7-work-folders\/\"]}]},{\"@type\":\"ImageObject\",\"inLanguage\":\"cs\",\"@id\":\"https:\/\/tomaskalabis.com\/wordpress\/windows-7-work-folders\/#primaryimage\",\"url\":\"https:\/\/tomaskalabis.com\/wordpress\/wp-content\/uploads\/2014\/11\/icon_windows7.png\",\"contentUrl\":\"https:\/\/tomaskalabis.com\/wordpress\/wp-content\/uploads\/2014\/11\/icon_windows7.png\",\"width\":173,\"height\":176},{\"@type\":\"BreadcrumbList\",\"@id\":\"https:\/\/tomaskalabis.com\/wordpress\/windows-7-work-folders\/#breadcrumb\",\"itemListElement\":[{\"@type\":\"ListItem\",\"position\":1,\"name\":\"Home\",\"item\":\"https:\/\/tomaskalabis.com\/wordpress\/\"},{\"@type\":\"ListItem\",\"position\":2,\"name\":\"Windows 7 &#8211; Work Folders\"}]},{\"@type\":\"WebSite\",\"@id\":\"https:\/\/tomaskalabis.com\/wordpress\/#website\",\"url\":\"https:\/\/tomaskalabis.com\/wordpress\/\",\"name\":\"tomaskalabis.com\",\"description\":\"my personal blog\",\"potentialAction\":[{\"@type\":\"SearchAction\",\"target\":{\"@type\":\"EntryPoint\",\"urlTemplate\":\"https:\/\/tomaskalabis.com\/wordpress\/?s={search_term_string}\"},\"query-input\":\"required name=search_term_string\"}],\"inLanguage\":\"cs\"},{\"@type\":\"Person\",\"@id\":\"https:\/\/tomaskalabis.com\/wordpress\/#\/schema\/person\/8e7e83f618a561ed3734a38cef4cf1d6\",\"name\":\"Tomas Kalabis\",\"image\":{\"@type\":\"ImageObject\",\"inLanguage\":\"cs\",\"@id\":\"https:\/\/tomaskalabis.com\/wordpress\/#\/schema\/person\/image\/\",\"url\":\"https:\/\/secure.gravatar.com\/avatar\/9f7e4796b38d5720e8a07b918f423311?s=96&d=retro&r=g\",\"contentUrl\":\"https:\/\/secure.gravatar.com\/avatar\/9f7e4796b38d5720e8a07b918f423311?s=96&d=retro&r=g\",\"caption\":\"Tomas Kalabis\"},\"sameAs\":[\"https:\/\/x.com\/tomaskalabis\"],\"url\":\"https:\/\/tomaskalabis.com\/wordpress\/author\/kalabis\/\"}]}<\/script>\n<!-- \/ Yoast SEO plugin. -->","yoast_head_json":{"title":"Windows 7 - Work Folders","description":"Windows 7 - Work Folders , Ji\u017e n\u011bjakou dobu jsou WorkFolders neboli pracovn\u00ed slo\u017eky k dispozici tak\u00e9 pro Windows 7 - verze Professional, Enterprise a Ultimate.","robots":{"index":"index","follow":"follow","max-snippet":"max-snippet:-1","max-image-preview":"max-image-preview:large","max-video-preview":"max-video-preview:-1"},"canonical":"https:\/\/tomaskalabis.com\/wordpress\/windows-7-work-folders\/","og_locale":"cs_CZ","og_type":"article","og_title":"Windows 7 - Work Folders","og_description":"Windows 7 - Work Folders , Ji\u017e n\u011bjakou dobu jsou WorkFolders neboli pracovn\u00ed slo\u017eky k dispozici tak\u00e9 pro Windows 7 - verze Professional, Enterprise a Ultimate.","og_url":"https:\/\/tomaskalabis.com\/wordpress\/windows-7-work-folders\/","og_site_name":"tomaskalabis.com","article_published_time":"2014-06-17T15:32:36+00:00","article_modified_time":"2016-03-09T09:01:00+00:00","og_image":[{"width":173,"height":176,"url":"https:\/\/tomaskalabis.com\/wordpress\/wp-content\/uploads\/2014\/11\/icon_windows7.png","type":"image\/png"}],"author":"Tomas Kalabis","twitter_misc":{"Napsal(a)":"Tomas Kalabis"},"schema":{"@context":"https:\/\/schema.org","@graph":[{"@type":"WebPage","@id":"https:\/\/tomaskalabis.com\/wordpress\/windows-7-work-folders\/","url":"https:\/\/tomaskalabis.com\/wordpress\/windows-7-work-folders\/","name":"Windows 7 - Work Folders","isPartOf":{"@id":"https:\/\/tomaskalabis.com\/wordpress\/#website"},"primaryImageOfPage":{"@id":"https:\/\/tomaskalabis.com\/wordpress\/windows-7-work-folders\/#primaryimage"},"image":{"@id":"https:\/\/tomaskalabis.com\/wordpress\/windows-7-work-folders\/#primaryimage"},"thumbnailUrl":"https:\/\/tomaskalabis.com\/wordpress\/wp-content\/uploads\/2014\/11\/icon_windows7.png","datePublished":"2014-06-17T15:32:36+00:00","dateModified":"2016-03-09T09:01:00+00:00","author":{"@id":"https:\/\/tomaskalabis.com\/wordpress\/#\/schema\/person\/8e7e83f618a561ed3734a38cef4cf1d6"},"description":"Windows 7 - Work Folders , Ji\u017e n\u011bjakou dobu jsou WorkFolders neboli pracovn\u00ed slo\u017eky k dispozici tak\u00e9 pro Windows 7 - verze Professional, Enterprise a Ultimate.","breadcrumb":{"@id":"https:\/\/tomaskalabis.com\/wordpress\/windows-7-work-folders\/#breadcrumb"},"inLanguage":"cs","potentialAction":[{"@type":"ReadAction","target":["https:\/\/tomaskalabis.com\/wordpress\/windows-7-work-folders\/"]}]},{"@type":"ImageObject","inLanguage":"cs","@id":"https:\/\/tomaskalabis.com\/wordpress\/windows-7-work-folders\/#primaryimage","url":"https:\/\/tomaskalabis.com\/wordpress\/wp-content\/uploads\/2014\/11\/icon_windows7.png","contentUrl":"https:\/\/tomaskalabis.com\/wordpress\/wp-content\/uploads\/2014\/11\/icon_windows7.png","width":173,"height":176},{"@type":"BreadcrumbList","@id":"https:\/\/tomaskalabis.com\/wordpress\/windows-7-work-folders\/#breadcrumb","itemListElement":[{"@type":"ListItem","position":1,"name":"Home","item":"https:\/\/tomaskalabis.com\/wordpress\/"},{"@type":"ListItem","position":2,"name":"Windows 7 &#8211; Work Folders"}]},{"@type":"WebSite","@id":"https:\/\/tomaskalabis.com\/wordpress\/#website","url":"https:\/\/tomaskalabis.com\/wordpress\/","name":"tomaskalabis.com","description":"my personal blog","potentialAction":[{"@type":"SearchAction","target":{"@type":"EntryPoint","urlTemplate":"https:\/\/tomaskalabis.com\/wordpress\/?s={search_term_string}"},"query-input":"required name=search_term_string"}],"inLanguage":"cs"},{"@type":"Person","@id":"https:\/\/tomaskalabis.com\/wordpress\/#\/schema\/person\/8e7e83f618a561ed3734a38cef4cf1d6","name":"Tomas Kalabis","image":{"@type":"ImageObject","inLanguage":"cs","@id":"https:\/\/tomaskalabis.com\/wordpress\/#\/schema\/person\/image\/","url":"https:\/\/secure.gravatar.com\/avatar\/9f7e4796b38d5720e8a07b918f423311?s=96&d=retro&r=g","contentUrl":"https:\/\/secure.gravatar.com\/avatar\/9f7e4796b38d5720e8a07b918f423311?s=96&d=retro&r=g","caption":"Tomas Kalabis"},"sameAs":["https:\/\/x.com\/tomaskalabis"],"url":"https:\/\/tomaskalabis.com\/wordpress\/author\/kalabis\/"}]}},"jetpack_featured_media_url":"https:\/\/tomaskalabis.com\/wordpress\/wp-content\/uploads\/2014\/11\/icon_windows7.png","_links":{"self":[{"href":"https:\/\/tomaskalabis.com\/wordpress\/wp-json\/wp\/v2\/posts\/1209"}],"collection":[{"href":"https:\/\/tomaskalabis.com\/wordpress\/wp-json\/wp\/v2\/posts"}],"about":[{"href":"https:\/\/tomaskalabis.com\/wordpress\/wp-json\/wp\/v2\/types\/post"}],"author":[{"embeddable":true,"href":"https:\/\/tomaskalabis.com\/wordpress\/wp-json\/wp\/v2\/users\/2"}],"replies":[{"embeddable":true,"href":"https:\/\/tomaskalabis.com\/wordpress\/wp-json\/wp\/v2\/comments?post=1209"}],"version-history":[{"count":4,"href":"https:\/\/tomaskalabis.com\/wordpress\/wp-json\/wp\/v2\/posts\/1209\/revisions"}],"predecessor-version":[{"id":1215,"href":"https:\/\/tomaskalabis.com\/wordpress\/wp-json\/wp\/v2\/posts\/1209\/revisions\/1215"}],"wp:featuredmedia":[{"embeddable":true,"href":"https:\/\/tomaskalabis.com\/wordpress\/wp-json\/wp\/v2\/media\/2117"}],"wp:attachment":[{"href":"https:\/\/tomaskalabis.com\/wordpress\/wp-json\/wp\/v2\/media?parent=1209"}],"wp:term":[{"taxonomy":"category","embeddable":true,"href":"https:\/\/tomaskalabis.com\/wordpress\/wp-json\/wp\/v2\/categories?post=1209"},{"taxonomy":"post_tag","embeddable":true,"href":"https:\/\/tomaskalabis.com\/wordpress\/wp-json\/wp\/v2\/tags?post=1209"}],"curies":[{"name":"wp","href":"https:\/\/api.w.org\/{rel}","templated":true}]}}