{"id":141,"date":"2013-12-11T20:46:17","date_gmt":"2013-12-11T20:46:17","guid":{"rendered":"http:\/\/tomaskalabis.com\/wordpress\/?p=141"},"modified":"2016-03-09T08:55:16","modified_gmt":"2016-03-09T08:55:16","slug":"pri-pokusu-o-upgrade-z-windows-8-na-8-1-se-vyskytla-chyba","status":"publish","type":"post","link":"https:\/\/tomaskalabis.com\/wordpress\/pri-pokusu-o-upgrade-z-windows-8-na-8-1-se-vyskytla-chyba\/","title":{"rendered":"P\u0159i pokusu o upgrade z Windows 8 na 8.1 se vyskytla chyba"},"content":{"rendered":"<p>Ned\u00e1vno jsem upgradoval \u010dist\u00e9 instalace Windows 8 Pro na Windows 8.1 Pro pomoc\u00ed W storu, v\u0161e prob\u00edhalo v po\u0159\u00e1dku, aktualizace se st\u00e1hla nainstalovala se, ale p\u0159i kone\u010dn\u00e9m kroku se za\u010dala obnovovat p\u0159edchoz\u00ed verze W8, jako prvn\u00ed v\u011bc m\u011b napadla obnovit PC do p\u016fvodn\u00edho stavu p\u0159ed instalac\u00ed ve\u0161ker\u00fdch update, postup jsem pro\u0161el znovu ale v\u00fdsledek byl naprosto stejn\u00fd&#8230; zase ta chyba <strong>0x800706BE &#8211; 0x20003<\/strong>, te\u010f si uk\u00e1\u017eeme jak\u00fdm zp\u016fsobem tuto nep\u0159\u00edjemnost opravit a prov\u00e9st \u00fasp\u011b\u0161n\u00fd upgrade na W8.1 PRO<\/p>\n<p><a href=\"http:\/\/tomaskalabis.com\/wordpress\/wp-content\/uploads\/2013\/12\/1.jpg\"><img decoding=\"async\" loading=\"lazy\" class=\"alignnone size-large wp-image-144\" src=\"http:\/\/tomaskalabis.com\/wordpress\/wp-content\/uploads\/2013\/12\/1-494x370.jpg\" alt=\"1\" width=\"494\" height=\"370\" srcset=\"https:\/\/tomaskalabis.com\/wordpress\/wp-content\/uploads\/2013\/12\/1-494x370.jpg 494w, https:\/\/tomaskalabis.com\/wordpress\/wp-content\/uploads\/2013\/12\/1-288x216.jpg 288w, https:\/\/tomaskalabis.com\/wordpress\/wp-content\/uploads\/2013\/12\/1-500x375.jpg 500w, https:\/\/tomaskalabis.com\/wordpress\/wp-content\/uploads\/2013\/12\/1.jpg 1386w\" sizes=\"(max-width: 494px) 100vw, 494px\" \/><\/a><\/p>\n<p><em>Chybov\u00e1 hl\u00e1\u0161ka<\/em><\/p>\n<p>K po\u010d\u00edta\u010di se p\u0159ihl\u00e1s\u00edme jako administr\u00e1tor a jako spr\u00e1vce spou\u0161t\u00edme start &gt; cmd<\/p>\n<p>do comandline zad\u00e1me tyto p\u0159\u00edkazy:<\/p>\n<ul style=\"font-family: sans-serif; font-size: medium; font-style: normal;\">\n<li><strong>Net stop wuauserv<\/strong><\/li>\n<li><strong>Net stop bits<\/strong><\/li>\n<\/ul>\n<p><a href=\"http:\/\/tomaskalabis.com\/wordpress\/wp-content\/uploads\/2013\/12\/2.jpg\"><img decoding=\"async\" loading=\"lazy\" class=\"alignnone size-large wp-image-145\" src=\"http:\/\/tomaskalabis.com\/wordpress\/wp-content\/uploads\/2013\/12\/2-494x321.jpg\" alt=\"2\" width=\"494\" height=\"321\" srcset=\"https:\/\/tomaskalabis.com\/wordpress\/wp-content\/uploads\/2013\/12\/2-494x321.jpg 494w, https:\/\/tomaskalabis.com\/wordpress\/wp-content\/uploads\/2013\/12\/2-288x187.jpg 288w, https:\/\/tomaskalabis.com\/wordpress\/wp-content\/uploads\/2013\/12\/2-500x325.jpg 500w, https:\/\/tomaskalabis.com\/wordpress\/wp-content\/uploads\/2013\/12\/2.jpg 600w\" sizes=\"(max-width: 494px) 100vw, 494px\" \/><\/a><\/p>\n<p>Po sl\u00e9ze najedeme do slo\u017eky\u00a0<strong>C:\\Windows\\SoftwareDistribution<\/strong><b>\u00a0, <\/b>ve kter\u00e9 sma\u017eeme v\u0161echny slo\u017eky.<\/p>\n<p><a href=\"http:\/\/tomaskalabis.com\/wordpress\/wp-content\/uploads\/2013\/12\/3.jpg\"><img decoding=\"async\" loading=\"lazy\" class=\"alignnone size-large wp-image-146\" src=\"http:\/\/tomaskalabis.com\/wordpress\/wp-content\/uploads\/2013\/12\/3-494x215.jpg\" alt=\"3\" width=\"494\" height=\"215\" srcset=\"https:\/\/tomaskalabis.com\/wordpress\/wp-content\/uploads\/2013\/12\/3-494x215.jpg 494w, https:\/\/tomaskalabis.com\/wordpress\/wp-content\/uploads\/2013\/12\/3-288x125.jpg 288w, https:\/\/tomaskalabis.com\/wordpress\/wp-content\/uploads\/2013\/12\/3-500x218.jpg 500w, https:\/\/tomaskalabis.com\/wordpress\/wp-content\/uploads\/2013\/12\/3.jpg 600w\" sizes=\"(max-width: 494px) 100vw, 494px\" \/><\/a><\/p>\n<p>V cmd prohod\u00edme p\u0159\u00edkazy ze stop na start:<\/p>\n<ul>\n<li><strong>Net start wuauserv<\/strong><\/li>\n<li><strong>Net start bits<\/strong><\/li>\n<\/ul>\n<p><a href=\"http:\/\/tomaskalabis.com\/wordpress\/wp-content\/uploads\/2013\/12\/4.jpg\"><img decoding=\"async\" loading=\"lazy\" class=\"alignnone size-large wp-image-147\" src=\"http:\/\/tomaskalabis.com\/wordpress\/wp-content\/uploads\/2013\/12\/4-494x325.jpg\" alt=\"4\" width=\"494\" height=\"325\" srcset=\"https:\/\/tomaskalabis.com\/wordpress\/wp-content\/uploads\/2013\/12\/4-494x325.jpg 494w, https:\/\/tomaskalabis.com\/wordpress\/wp-content\/uploads\/2013\/12\/4-288x189.jpg 288w, https:\/\/tomaskalabis.com\/wordpress\/wp-content\/uploads\/2013\/12\/4-500x329.jpg 500w, https:\/\/tomaskalabis.com\/wordpress\/wp-content\/uploads\/2013\/12\/4.jpg 600w\" sizes=\"(max-width: 494px) 100vw, 494px\" \/><\/a><\/p>\n<p>Spust\u00edme Windows Store a pust\u00edme se do aktualizace !<\/p>\n<p><a href=\"http:\/\/tomaskalabis.com\/wordpress\/wp-content\/uploads\/2013\/12\/5.jpg\"><img decoding=\"async\" loading=\"lazy\" class=\"alignnone size-large wp-image-148\" src=\"http:\/\/tomaskalabis.com\/wordpress\/wp-content\/uploads\/2013\/12\/5-494x308.jpg\" alt=\"5\" width=\"494\" height=\"308\" srcset=\"https:\/\/tomaskalabis.com\/wordpress\/wp-content\/uploads\/2013\/12\/5-494x308.jpg 494w, https:\/\/tomaskalabis.com\/wordpress\/wp-content\/uploads\/2013\/12\/5-288x180.jpg 288w, https:\/\/tomaskalabis.com\/wordpress\/wp-content\/uploads\/2013\/12\/5-500x312.jpg 500w, https:\/\/tomaskalabis.com\/wordpress\/wp-content\/uploads\/2013\/12\/5.jpg 600w\" sizes=\"(max-width: 494px) 100vw, 494px\" \/><\/a><\/p>\n<p>&nbsp;<\/p>\n<p>Mnoho \u0161t\u011bst\u00ed !<\/p>\n","protected":false},"excerpt":{"rendered":"<p>Ned\u00e1vno jsem upgradoval \u010dist\u00e9 instalace Windows 8 Pro na Windows 8.1 Pro pomoc\u00ed W storu, v\u0161e prob\u00edhalo v po\u0159\u00e1dku, aktualizace se st\u00e1hla nainstalovala se, ale p\u0159i kone\u010dn\u00e9m kroku se za\u010dala &#8230;<\/p>\n","protected":false},"author":2,"featured_media":2116,"comment_status":"open","ping_status":"open","sticky":false,"template":"","format":"standard","meta":{"_monsterinsights_skip_tracking":false,"_monsterinsights_sitenote_active":false,"_monsterinsights_sitenote_note":"","_monsterinsights_sitenote_category":0,"footnotes":""},"categories":[23],"tags":[210],"yoast_head":"<!-- This site is optimized with the Yoast SEO plugin v22.5 - https:\/\/yoast.com\/wordpress\/plugins\/seo\/ -->\n<title>P\u0159i pokusu o upgrade z Windows 8 na 8.1 se vyskytla chyba - tomaskalabis.com<\/title>\n<meta name=\"robots\" content=\"index, follow, max-snippet:-1, max-image-preview:large, max-video-preview:-1\" \/>\n<link rel=\"canonical\" href=\"https:\/\/tomaskalabis.com\/wordpress\/pri-pokusu-o-upgrade-z-windows-8-na-8-1-se-vyskytla-chyba\/\" \/>\n<meta property=\"og:locale\" content=\"cs_CZ\" \/>\n<meta property=\"og:type\" content=\"article\" \/>\n<meta property=\"og:title\" content=\"P\u0159i pokusu o upgrade z Windows 8 na 8.1 se vyskytla chyba - tomaskalabis.com\" \/>\n<meta property=\"og:description\" content=\"Ned\u00e1vno jsem upgradoval \u010dist\u00e9 instalace Windows 8 Pro na Windows 8.1 Pro pomoc\u00ed W storu, v\u0161e prob\u00edhalo v po\u0159\u00e1dku, aktualizace se st\u00e1hla nainstalovala se, ale p\u0159i kone\u010dn\u00e9m kroku se za\u010dala ...\" \/>\n<meta property=\"og:url\" content=\"https:\/\/tomaskalabis.com\/wordpress\/pri-pokusu-o-upgrade-z-windows-8-na-8-1-se-vyskytla-chyba\/\" \/>\n<meta property=\"og:site_name\" content=\"tomaskalabis.com\" \/>\n<meta property=\"article:published_time\" content=\"2013-12-11T20:46:17+00:00\" \/>\n<meta property=\"article:modified_time\" content=\"2016-03-09T08:55:16+00:00\" \/>\n<meta property=\"og:image\" content=\"https:\/\/tomaskalabis.com\/wordpress\/wp-content\/uploads\/2015\/02\/icon-windows8.1.jpg\" \/>\n\t<meta property=\"og:image:width\" content=\"172\" \/>\n\t<meta property=\"og:image:height\" content=\"171\" \/>\n\t<meta property=\"og:image:type\" content=\"image\/jpeg\" \/>\n<meta name=\"author\" content=\"Tomas Kalabis\" \/>\n<meta name=\"twitter:label1\" content=\"Napsal(a)\" \/>\n\t<meta name=\"twitter:data1\" content=\"Tomas Kalabis\" \/>\n\t<meta name=\"twitter:label2\" content=\"Odhadovan\u00e1 doba \u010dten\u00ed\" \/>\n\t<meta name=\"twitter:data2\" content=\"1 minuta\" \/>\n<script type=\"application\/ld+json\" class=\"yoast-schema-graph\">{\"@context\":\"https:\/\/schema.org\",\"@graph\":[{\"@type\":\"WebPage\",\"@id\":\"https:\/\/tomaskalabis.com\/wordpress\/pri-pokusu-o-upgrade-z-windows-8-na-8-1-se-vyskytla-chyba\/\",\"url\":\"https:\/\/tomaskalabis.com\/wordpress\/pri-pokusu-o-upgrade-z-windows-8-na-8-1-se-vyskytla-chyba\/\",\"name\":\"P\u0159i pokusu o upgrade z Windows 8 na 8.1 se vyskytla chyba - tomaskalabis.com\",\"isPartOf\":{\"@id\":\"https:\/\/tomaskalabis.com\/wordpress\/#website\"},\"primaryImageOfPage\":{\"@id\":\"https:\/\/tomaskalabis.com\/wordpress\/pri-pokusu-o-upgrade-z-windows-8-na-8-1-se-vyskytla-chyba\/#primaryimage\"},\"image\":{\"@id\":\"https:\/\/tomaskalabis.com\/wordpress\/pri-pokusu-o-upgrade-z-windows-8-na-8-1-se-vyskytla-chyba\/#primaryimage\"},\"thumbnailUrl\":\"https:\/\/tomaskalabis.com\/wordpress\/wp-content\/uploads\/2015\/02\/icon-windows8.1.jpg\",\"datePublished\":\"2013-12-11T20:46:17+00:00\",\"dateModified\":\"2016-03-09T08:55:16+00:00\",\"author\":{\"@id\":\"https:\/\/tomaskalabis.com\/wordpress\/#\/schema\/person\/8e7e83f618a561ed3734a38cef4cf1d6\"},\"breadcrumb\":{\"@id\":\"https:\/\/tomaskalabis.com\/wordpress\/pri-pokusu-o-upgrade-z-windows-8-na-8-1-se-vyskytla-chyba\/#breadcrumb\"},\"inLanguage\":\"cs\",\"potentialAction\":[{\"@type\":\"ReadAction\",\"target\":[\"https:\/\/tomaskalabis.com\/wordpress\/pri-pokusu-o-upgrade-z-windows-8-na-8-1-se-vyskytla-chyba\/\"]}]},{\"@type\":\"ImageObject\",\"inLanguage\":\"cs\",\"@id\":\"https:\/\/tomaskalabis.com\/wordpress\/pri-pokusu-o-upgrade-z-windows-8-na-8-1-se-vyskytla-chyba\/#primaryimage\",\"url\":\"https:\/\/tomaskalabis.com\/wordpress\/wp-content\/uploads\/2015\/02\/icon-windows8.1.jpg\",\"contentUrl\":\"https:\/\/tomaskalabis.com\/wordpress\/wp-content\/uploads\/2015\/02\/icon-windows8.1.jpg\",\"width\":172,\"height\":171},{\"@type\":\"BreadcrumbList\",\"@id\":\"https:\/\/tomaskalabis.com\/wordpress\/pri-pokusu-o-upgrade-z-windows-8-na-8-1-se-vyskytla-chyba\/#breadcrumb\",\"itemListElement\":[{\"@type\":\"ListItem\",\"position\":1,\"name\":\"Home\",\"item\":\"https:\/\/tomaskalabis.com\/wordpress\/\"},{\"@type\":\"ListItem\",\"position\":2,\"name\":\"P\u0159i pokusu o upgrade z Windows 8 na 8.1 se vyskytla chyba\"}]},{\"@type\":\"WebSite\",\"@id\":\"https:\/\/tomaskalabis.com\/wordpress\/#website\",\"url\":\"https:\/\/tomaskalabis.com\/wordpress\/\",\"name\":\"tomaskalabis.com\",\"description\":\"my personal blog\",\"potentialAction\":[{\"@type\":\"SearchAction\",\"target\":{\"@type\":\"EntryPoint\",\"urlTemplate\":\"https:\/\/tomaskalabis.com\/wordpress\/?s={search_term_string}\"},\"query-input\":\"required name=search_term_string\"}],\"inLanguage\":\"cs\"},{\"@type\":\"Person\",\"@id\":\"https:\/\/tomaskalabis.com\/wordpress\/#\/schema\/person\/8e7e83f618a561ed3734a38cef4cf1d6\",\"name\":\"Tomas Kalabis\",\"image\":{\"@type\":\"ImageObject\",\"inLanguage\":\"cs\",\"@id\":\"https:\/\/tomaskalabis.com\/wordpress\/#\/schema\/person\/image\/\",\"url\":\"https:\/\/secure.gravatar.com\/avatar\/9f7e4796b38d5720e8a07b918f423311?s=96&d=retro&r=g\",\"contentUrl\":\"https:\/\/secure.gravatar.com\/avatar\/9f7e4796b38d5720e8a07b918f423311?s=96&d=retro&r=g\",\"caption\":\"Tomas Kalabis\"},\"sameAs\":[\"https:\/\/x.com\/tomaskalabis\"],\"url\":\"https:\/\/tomaskalabis.com\/wordpress\/author\/kalabis\/\"}]}<\/script>\n<!-- \/ Yoast SEO plugin. -->","yoast_head_json":{"title":"P\u0159i pokusu o upgrade z Windows 8 na 8.1 se vyskytla chyba - tomaskalabis.com","robots":{"index":"index","follow":"follow","max-snippet":"max-snippet:-1","max-image-preview":"max-image-preview:large","max-video-preview":"max-video-preview:-1"},"canonical":"https:\/\/tomaskalabis.com\/wordpress\/pri-pokusu-o-upgrade-z-windows-8-na-8-1-se-vyskytla-chyba\/","og_locale":"cs_CZ","og_type":"article","og_title":"P\u0159i pokusu o upgrade z Windows 8 na 8.1 se vyskytla chyba - tomaskalabis.com","og_description":"Ned\u00e1vno jsem upgradoval \u010dist\u00e9 instalace Windows 8 Pro na Windows 8.1 Pro pomoc\u00ed W storu, v\u0161e prob\u00edhalo v po\u0159\u00e1dku, aktualizace se st\u00e1hla nainstalovala se, ale p\u0159i kone\u010dn\u00e9m kroku se za\u010dala ...","og_url":"https:\/\/tomaskalabis.com\/wordpress\/pri-pokusu-o-upgrade-z-windows-8-na-8-1-se-vyskytla-chyba\/","og_site_name":"tomaskalabis.com","article_published_time":"2013-12-11T20:46:17+00:00","article_modified_time":"2016-03-09T08:55:16+00:00","og_image":[{"width":172,"height":171,"url":"https:\/\/tomaskalabis.com\/wordpress\/wp-content\/uploads\/2015\/02\/icon-windows8.1.jpg","type":"image\/jpeg"}],"author":"Tomas Kalabis","twitter_misc":{"Napsal(a)":"Tomas Kalabis","Odhadovan\u00e1 doba \u010dten\u00ed":"1 minuta"},"schema":{"@context":"https:\/\/schema.org","@graph":[{"@type":"WebPage","@id":"https:\/\/tomaskalabis.com\/wordpress\/pri-pokusu-o-upgrade-z-windows-8-na-8-1-se-vyskytla-chyba\/","url":"https:\/\/tomaskalabis.com\/wordpress\/pri-pokusu-o-upgrade-z-windows-8-na-8-1-se-vyskytla-chyba\/","name":"P\u0159i pokusu o upgrade z Windows 8 na 8.1 se vyskytla chyba - tomaskalabis.com","isPartOf":{"@id":"https:\/\/tomaskalabis.com\/wordpress\/#website"},"primaryImageOfPage":{"@id":"https:\/\/tomaskalabis.com\/wordpress\/pri-pokusu-o-upgrade-z-windows-8-na-8-1-se-vyskytla-chyba\/#primaryimage"},"image":{"@id":"https:\/\/tomaskalabis.com\/wordpress\/pri-pokusu-o-upgrade-z-windows-8-na-8-1-se-vyskytla-chyba\/#primaryimage"},"thumbnailUrl":"https:\/\/tomaskalabis.com\/wordpress\/wp-content\/uploads\/2015\/02\/icon-windows8.1.jpg","datePublished":"2013-12-11T20:46:17+00:00","dateModified":"2016-03-09T08:55:16+00:00","author":{"@id":"https:\/\/tomaskalabis.com\/wordpress\/#\/schema\/person\/8e7e83f618a561ed3734a38cef4cf1d6"},"breadcrumb":{"@id":"https:\/\/tomaskalabis.com\/wordpress\/pri-pokusu-o-upgrade-z-windows-8-na-8-1-se-vyskytla-chyba\/#breadcrumb"},"inLanguage":"cs","potentialAction":[{"@type":"ReadAction","target":["https:\/\/tomaskalabis.com\/wordpress\/pri-pokusu-o-upgrade-z-windows-8-na-8-1-se-vyskytla-chyba\/"]}]},{"@type":"ImageObject","inLanguage":"cs","@id":"https:\/\/tomaskalabis.com\/wordpress\/pri-pokusu-o-upgrade-z-windows-8-na-8-1-se-vyskytla-chyba\/#primaryimage","url":"https:\/\/tomaskalabis.com\/wordpress\/wp-content\/uploads\/2015\/02\/icon-windows8.1.jpg","contentUrl":"https:\/\/tomaskalabis.com\/wordpress\/wp-content\/uploads\/2015\/02\/icon-windows8.1.jpg","width":172,"height":171},{"@type":"BreadcrumbList","@id":"https:\/\/tomaskalabis.com\/wordpress\/pri-pokusu-o-upgrade-z-windows-8-na-8-1-se-vyskytla-chyba\/#breadcrumb","itemListElement":[{"@type":"ListItem","position":1,"name":"Home","item":"https:\/\/tomaskalabis.com\/wordpress\/"},{"@type":"ListItem","position":2,"name":"P\u0159i pokusu o upgrade z Windows 8 na 8.1 se vyskytla chyba"}]},{"@type":"WebSite","@id":"https:\/\/tomaskalabis.com\/wordpress\/#website","url":"https:\/\/tomaskalabis.com\/wordpress\/","name":"tomaskalabis.com","description":"my personal blog","potentialAction":[{"@type":"SearchAction","target":{"@type":"EntryPoint","urlTemplate":"https:\/\/tomaskalabis.com\/wordpress\/?s={search_term_string}"},"query-input":"required name=search_term_string"}],"inLanguage":"cs"},{"@type":"Person","@id":"https:\/\/tomaskalabis.com\/wordpress\/#\/schema\/person\/8e7e83f618a561ed3734a38cef4cf1d6","name":"Tomas Kalabis","image":{"@type":"ImageObject","inLanguage":"cs","@id":"https:\/\/tomaskalabis.com\/wordpress\/#\/schema\/person\/image\/","url":"https:\/\/secure.gravatar.com\/avatar\/9f7e4796b38d5720e8a07b918f423311?s=96&d=retro&r=g","contentUrl":"https:\/\/secure.gravatar.com\/avatar\/9f7e4796b38d5720e8a07b918f423311?s=96&d=retro&r=g","caption":"Tomas Kalabis"},"sameAs":["https:\/\/x.com\/tomaskalabis"],"url":"https:\/\/tomaskalabis.com\/wordpress\/author\/kalabis\/"}]}},"jetpack_featured_media_url":"https:\/\/tomaskalabis.com\/wordpress\/wp-content\/uploads\/2015\/02\/icon-windows8.1.jpg","_links":{"self":[{"href":"https:\/\/tomaskalabis.com\/wordpress\/wp-json\/wp\/v2\/posts\/141"}],"collection":[{"href":"https:\/\/tomaskalabis.com\/wordpress\/wp-json\/wp\/v2\/posts"}],"about":[{"href":"https:\/\/tomaskalabis.com\/wordpress\/wp-json\/wp\/v2\/types\/post"}],"author":[{"embeddable":true,"href":"https:\/\/tomaskalabis.com\/wordpress\/wp-json\/wp\/v2\/users\/2"}],"replies":[{"embeddable":true,"href":"https:\/\/tomaskalabis.com\/wordpress\/wp-json\/wp\/v2\/comments?post=141"}],"version-history":[{"count":5,"href":"https:\/\/tomaskalabis.com\/wordpress\/wp-json\/wp\/v2\/posts\/141\/revisions"}],"predecessor-version":[{"id":861,"href":"https:\/\/tomaskalabis.com\/wordpress\/wp-json\/wp\/v2\/posts\/141\/revisions\/861"}],"wp:featuredmedia":[{"embeddable":true,"href":"https:\/\/tomaskalabis.com\/wordpress\/wp-json\/wp\/v2\/media\/2116"}],"wp:attachment":[{"href":"https:\/\/tomaskalabis.com\/wordpress\/wp-json\/wp\/v2\/media?parent=141"}],"wp:term":[{"taxonomy":"category","embeddable":true,"href":"https:\/\/tomaskalabis.com\/wordpress\/wp-json\/wp\/v2\/categories?post=141"},{"taxonomy":"post_tag","embeddable":true,"href":"https:\/\/tomaskalabis.com\/wordpress\/wp-json\/wp\/v2\/tags?post=141"}],"curies":[{"name":"wp","href":"https:\/\/api.w.org\/{rel}","templated":true}]}}