{"id":151,"date":"2013-12-11T21:02:08","date_gmt":"2013-12-11T21:02:08","guid":{"rendered":"http:\/\/tomaskalabis.com\/wordpress\/?p=151"},"modified":"2016-03-09T08:55:16","modified_gmt":"2016-03-09T08:55:16","slug":"proc-nemuzu-ve-storu-najit-aktualizaci-windows-8-1-za-vse-muze-kb2871389","status":"publish","type":"post","link":"https:\/\/tomaskalabis.com\/wordpress\/proc-nemuzu-ve-storu-najit-aktualizaci-windows-8-1-za-vse-muze-kb2871389\/","title":{"rendered":"Pro\u010d nem\u016f\u017eu ve Storu naj\u00edt aktualizaci Windows 8.1 ? za v\u0161e m\u016f\u017ee KB2871389"},"content":{"rendered":"<p><a href=\"http:\/\/tomaskalabis.com\/wordpress\/wp-content\/uploads\/2013\/12\/V\u00fdst\u0159i\u017eek.png\"><img decoding=\"async\" loading=\"lazy\" class=\"alignnone size-large wp-image-155\" src=\"http:\/\/tomaskalabis.com\/wordpress\/wp-content\/uploads\/2013\/12\/V\u00fdst\u0159i\u017eek-494x71.png\" alt=\"V\u00fdst\u0159i\u017eek\" width=\"494\" height=\"71\" srcset=\"https:\/\/tomaskalabis.com\/wordpress\/wp-content\/uploads\/2013\/12\/V\u00fdst\u0159i\u017eek-494x71.png 494w, https:\/\/tomaskalabis.com\/wordpress\/wp-content\/uploads\/2013\/12\/V\u00fdst\u0159i\u017eek-288x41.png 288w, https:\/\/tomaskalabis.com\/wordpress\/wp-content\/uploads\/2013\/12\/V\u00fdst\u0159i\u017eek-500x72.png 500w, https:\/\/tomaskalabis.com\/wordpress\/wp-content\/uploads\/2013\/12\/V\u00fdst\u0159i\u017eek.png 693w\" sizes=\"(max-width: 494px) 100vw, 494px\" \/><\/a><\/p>\n<p>Za\u010dal jsem na zelen\u00e9 louce tzn. \u010dist\u00e1 instalace Windows 8 PRO a p\u0159ed t\u00edm, ne\u017e jsem cht\u011bl instalovat u\u017eivatelsk\u00e9 aplikace uv\u00e1\u017eil jsem za vhodn\u00e9 nejprve upgradovat z 8 na 8.1. Myslel jsem si \u017ee je to v\u011bc zcela trivi\u00e1ln\u00ed av\u0161ak opak byl pravdou.<\/p>\n<p><a href=\"http:\/\/tomaskalabis.com\/wordpress\/wp-content\/uploads\/2013\/12\/setup3_09D4B382.png\"><img decoding=\"async\" loading=\"lazy\" class=\"size-large wp-image-152 aligncenter\" src=\"http:\/\/tomaskalabis.com\/wordpress\/wp-content\/uploads\/2013\/12\/setup3_09D4B382-494x277.png\" alt=\"setup3_09D4B382\" width=\"494\" height=\"277\" srcset=\"https:\/\/tomaskalabis.com\/wordpress\/wp-content\/uploads\/2013\/12\/setup3_09D4B382-494x277.png 494w, https:\/\/tomaskalabis.com\/wordpress\/wp-content\/uploads\/2013\/12\/setup3_09D4B382-288x162.png 288w, https:\/\/tomaskalabis.com\/wordpress\/wp-content\/uploads\/2013\/12\/setup3_09D4B382-500x281.png 500w, https:\/\/tomaskalabis.com\/wordpress\/wp-content\/uploads\/2013\/12\/setup3_09D4B382.png 1024w\" sizes=\"(max-width: 494px) 100vw, 494px\" \/><\/a><\/p>\n<p>Nejprve jsem nainstaloval v\u0161echny dostupn\u00e9 aktualizace, n\u011bkolikr\u00e1t jsem provedl restart stanice po restartu mi nab\u011bhly dal\u0161\u00ed update atd atd a to bylo asi 4x ne\u017e jsem se dostal do f\u00e1ze kone\u010dn\u00e9 = v\u0161echny updates byly nainstalov\u00e1ny.<\/p>\n<p><a href=\"http:\/\/tomaskalabis.com\/wordpress\/wp-content\/uploads\/2013\/12\/windows_store1.png\"><img decoding=\"async\" loading=\"lazy\" class=\"size-full wp-image-153 aligncenter\" src=\"http:\/\/tomaskalabis.com\/wordpress\/wp-content\/uploads\/2013\/12\/windows_store1.png\" alt=\"windows_store1\" width=\"297\" height=\"296\" srcset=\"https:\/\/tomaskalabis.com\/wordpress\/wp-content\/uploads\/2013\/12\/windows_store1.png 297w, https:\/\/tomaskalabis.com\/wordpress\/wp-content\/uploads\/2013\/12\/windows_store1-188x188.png 188w, https:\/\/tomaskalabis.com\/wordpress\/wp-content\/uploads\/2013\/12\/windows_store1-288x288.png 288w\" sizes=\"(max-width: 297px) 100vw, 297px\" \/><\/a><\/p>\n<p>Te\u010f nastala ta nat\u011b\u0161en\u00e1 chv\u00edle &#8222;pust\u00edm windows store, aktualizace se mi st\u00e1hne a mezi t\u00edm mohu za\u010d\u00edt d\u011blat na druh\u00e9m pc&#8220; ov\u0161em tak to bohu\u017eel nebylo&#8230;<\/p>\n<p>Nam\u00edsto ok\u00e9nka Aktualizace jsem tam vid\u011bl pouze reklamu na facebook a pak je\u0161t\u011b dal\u0161\u00edch mili\u00f3n nesmysl\u016f, tak jsem tedy pou\u017eil:\u00a0<a href=\"http:\/\/www.usethefuckinggoogle.com\/\">http:\/\/www.usethefuckinggoogle.com\/<\/a>, kter\u00fd mi sd\u011blil tyto informace:<\/p>\n<p><a href=\"http:\/\/windows.microsoft.com\/cs-cz\/windows-8\/why-can-t-find-update-store\">http:\/\/windows.microsoft.com\/cs-cz\/windows-8\/why-can-t-find-update-store<\/a>\u00a0.<\/p>\n<p>Ano\u00a0KB2871389, jsem m\u011bl nainstalovanou ! Ano 2x jsem to kontroloval&#8230; co te\u010f ? napadla m\u011b v\u011bc jedin\u00e1 a to, odinstalovat ji a nainstalovat znovu tud\u00ed\u017e do toho. P\u0159esn\u011bji to prob\u00edhalo tak, \u017ee jsem ji odinstaloval &gt; restartoval &gt; nainstalova &gt; restartoval a ejhle !!!<\/p>\n<p><a href=\"http:\/\/tomaskalabis.com\/wordpress\/wp-content\/uploads\/2013\/12\/valka-s-windows-update_04.png\"><img decoding=\"async\" loading=\"lazy\" class=\"size-full wp-image-156 aligncenter\" src=\"http:\/\/tomaskalabis.com\/wordpress\/wp-content\/uploads\/2013\/12\/valka-s-windows-update_04.png\" alt=\"valka-s-windows-update_04\" width=\"321\" height=\"276\" srcset=\"https:\/\/tomaskalabis.com\/wordpress\/wp-content\/uploads\/2013\/12\/valka-s-windows-update_04.png 321w, https:\/\/tomaskalabis.com\/wordpress\/wp-content\/uploads\/2013\/12\/valka-s-windows-update_04-288x247.png 288w\" sizes=\"(max-width: 321px) 100vw, 321px\" \/><\/a><\/p>\n<p>Po t\u00e9to velice \u00fasp\u011b\u0161n\u00e9 operaci spou\u0161t\u00edm windows store a aktualizuji na w8.1<\/p>\n<p><a href=\"http:\/\/tomaskalabis.com\/wordpress\/wp-content\/uploads\/2013\/12\/windows81update.png\"><img decoding=\"async\" loading=\"lazy\" class=\"size-large wp-image-154 aligncenter\" src=\"http:\/\/tomaskalabis.com\/wordpress\/wp-content\/uploads\/2013\/12\/windows81update-494x277.png\" alt=\"windows81update\" width=\"494\" height=\"277\" srcset=\"https:\/\/tomaskalabis.com\/wordpress\/wp-content\/uploads\/2013\/12\/windows81update-494x277.png 494w, https:\/\/tomaskalabis.com\/wordpress\/wp-content\/uploads\/2013\/12\/windows81update-288x161.png 288w, https:\/\/tomaskalabis.com\/wordpress\/wp-content\/uploads\/2013\/12\/windows81update-500x281.png 500w, https:\/\/tomaskalabis.com\/wordpress\/wp-content\/uploads\/2013\/12\/windows81update.png 530w\" sizes=\"(max-width: 494px) 100vw, 494px\" \/><\/a><\/p>\n<p>ps. D\u00edky Microsofte (d\u011blal jsem to 15x)<\/p>\n","protected":false},"excerpt":{"rendered":"<p>Za\u010dal jsem na zelen\u00e9 louce tzn. \u010dist\u00e1 instalace Windows 8 PRO a p\u0159ed t\u00edm, ne\u017e jsem cht\u011bl instalovat u\u017eivatelsk\u00e9 aplikace uv\u00e1\u017eil jsem za vhodn\u00e9 nejprve upgradovat z 8 na 8.1. &#8230;<\/p>\n","protected":false},"author":2,"featured_media":2116,"comment_status":"open","ping_status":"open","sticky":false,"template":"","format":"standard","meta":{"_monsterinsights_skip_tracking":false,"_monsterinsights_sitenote_active":false,"_monsterinsights_sitenote_note":"","_monsterinsights_sitenote_category":0,"footnotes":""},"categories":[23],"tags":[210],"yoast_head":"<!-- This site is optimized with the Yoast SEO plugin v22.5 - https:\/\/yoast.com\/wordpress\/plugins\/seo\/ -->\n<title>Pro\u010d nem\u016f\u017eu ve Storu naj\u00edt aktualizaci Windows 8.1 ? za v\u0161e m\u016f\u017ee KB2871389<\/title>\n<meta name=\"description\" content=\"Pro\u010d nem\u016f\u017eu ve Storu naj\u00edt aktualizaci Windows 8.1 ? za v\u0161e m\u016f\u017ee KB2871389\" \/>\n<meta name=\"robots\" content=\"index, follow, max-snippet:-1, max-image-preview:large, max-video-preview:-1\" \/>\n<link rel=\"canonical\" href=\"https:\/\/tomaskalabis.com\/wordpress\/proc-nemuzu-ve-storu-najit-aktualizaci-windows-8-1-za-vse-muze-kb2871389\/\" \/>\n<meta property=\"og:locale\" content=\"cs_CZ\" \/>\n<meta property=\"og:type\" content=\"article\" \/>\n<meta property=\"og:title\" content=\"Pro\u010d nem\u016f\u017eu ve Storu naj\u00edt aktualizaci Windows 8.1 ? za v\u0161e m\u016f\u017ee KB2871389\" \/>\n<meta property=\"og:description\" content=\"Pro\u010d nem\u016f\u017eu ve Storu naj\u00edt aktualizaci Windows 8.1 ? za v\u0161e m\u016f\u017ee KB2871389\" \/>\n<meta property=\"og:url\" content=\"https:\/\/tomaskalabis.com\/wordpress\/proc-nemuzu-ve-storu-najit-aktualizaci-windows-8-1-za-vse-muze-kb2871389\/\" \/>\n<meta property=\"og:site_name\" content=\"tomaskalabis.com\" \/>\n<meta property=\"article:published_time\" content=\"2013-12-11T21:02:08+00:00\" \/>\n<meta property=\"article:modified_time\" content=\"2016-03-09T08:55:16+00:00\" \/>\n<meta property=\"og:image\" content=\"https:\/\/tomaskalabis.com\/wordpress\/wp-content\/uploads\/2015\/02\/icon-windows8.1.jpg\" \/>\n\t<meta property=\"og:image:width\" content=\"172\" \/>\n\t<meta property=\"og:image:height\" content=\"171\" \/>\n\t<meta property=\"og:image:type\" content=\"image\/jpeg\" \/>\n<meta name=\"author\" content=\"Tomas Kalabis\" \/>\n<meta name=\"twitter:label1\" content=\"Napsal(a)\" \/>\n\t<meta name=\"twitter:data1\" content=\"Tomas Kalabis\" \/>\n\t<meta name=\"twitter:label2\" content=\"Odhadovan\u00e1 doba \u010dten\u00ed\" \/>\n\t<meta name=\"twitter:data2\" content=\"1 minuta\" \/>\n<script type=\"application\/ld+json\" class=\"yoast-schema-graph\">{\"@context\":\"https:\/\/schema.org\",\"@graph\":[{\"@type\":\"WebPage\",\"@id\":\"https:\/\/tomaskalabis.com\/wordpress\/proc-nemuzu-ve-storu-najit-aktualizaci-windows-8-1-za-vse-muze-kb2871389\/\",\"url\":\"https:\/\/tomaskalabis.com\/wordpress\/proc-nemuzu-ve-storu-najit-aktualizaci-windows-8-1-za-vse-muze-kb2871389\/\",\"name\":\"Pro\u010d nem\u016f\u017eu ve Storu naj\u00edt aktualizaci Windows 8.1 ? za v\u0161e m\u016f\u017ee KB2871389\",\"isPartOf\":{\"@id\":\"https:\/\/tomaskalabis.com\/wordpress\/#website\"},\"primaryImageOfPage\":{\"@id\":\"https:\/\/tomaskalabis.com\/wordpress\/proc-nemuzu-ve-storu-najit-aktualizaci-windows-8-1-za-vse-muze-kb2871389\/#primaryimage\"},\"image\":{\"@id\":\"https:\/\/tomaskalabis.com\/wordpress\/proc-nemuzu-ve-storu-najit-aktualizaci-windows-8-1-za-vse-muze-kb2871389\/#primaryimage\"},\"thumbnailUrl\":\"https:\/\/tomaskalabis.com\/wordpress\/wp-content\/uploads\/2015\/02\/icon-windows8.1.jpg\",\"datePublished\":\"2013-12-11T21:02:08+00:00\",\"dateModified\":\"2016-03-09T08:55:16+00:00\",\"author\":{\"@id\":\"https:\/\/tomaskalabis.com\/wordpress\/#\/schema\/person\/8e7e83f618a561ed3734a38cef4cf1d6\"},\"description\":\"Pro\u010d nem\u016f\u017eu ve Storu naj\u00edt aktualizaci Windows 8.1 ? za v\u0161e m\u016f\u017ee KB2871389\",\"breadcrumb\":{\"@id\":\"https:\/\/tomaskalabis.com\/wordpress\/proc-nemuzu-ve-storu-najit-aktualizaci-windows-8-1-za-vse-muze-kb2871389\/#breadcrumb\"},\"inLanguage\":\"cs\",\"potentialAction\":[{\"@type\":\"ReadAction\",\"target\":[\"https:\/\/tomaskalabis.com\/wordpress\/proc-nemuzu-ve-storu-najit-aktualizaci-windows-8-1-za-vse-muze-kb2871389\/\"]}]},{\"@type\":\"ImageObject\",\"inLanguage\":\"cs\",\"@id\":\"https:\/\/tomaskalabis.com\/wordpress\/proc-nemuzu-ve-storu-najit-aktualizaci-windows-8-1-za-vse-muze-kb2871389\/#primaryimage\",\"url\":\"https:\/\/tomaskalabis.com\/wordpress\/wp-content\/uploads\/2015\/02\/icon-windows8.1.jpg\",\"contentUrl\":\"https:\/\/tomaskalabis.com\/wordpress\/wp-content\/uploads\/2015\/02\/icon-windows8.1.jpg\",\"width\":172,\"height\":171},{\"@type\":\"BreadcrumbList\",\"@id\":\"https:\/\/tomaskalabis.com\/wordpress\/proc-nemuzu-ve-storu-najit-aktualizaci-windows-8-1-za-vse-muze-kb2871389\/#breadcrumb\",\"itemListElement\":[{\"@type\":\"ListItem\",\"position\":1,\"name\":\"Home\",\"item\":\"https:\/\/tomaskalabis.com\/wordpress\/\"},{\"@type\":\"ListItem\",\"position\":2,\"name\":\"Pro\u010d nem\u016f\u017eu ve Storu naj\u00edt aktualizaci Windows 8.1 ? za v\u0161e m\u016f\u017ee KB2871389\"}]},{\"@type\":\"WebSite\",\"@id\":\"https:\/\/tomaskalabis.com\/wordpress\/#website\",\"url\":\"https:\/\/tomaskalabis.com\/wordpress\/\",\"name\":\"tomaskalabis.com\",\"description\":\"my personal blog\",\"potentialAction\":[{\"@type\":\"SearchAction\",\"target\":{\"@type\":\"EntryPoint\",\"urlTemplate\":\"https:\/\/tomaskalabis.com\/wordpress\/?s={search_term_string}\"},\"query-input\":\"required name=search_term_string\"}],\"inLanguage\":\"cs\"},{\"@type\":\"Person\",\"@id\":\"https:\/\/tomaskalabis.com\/wordpress\/#\/schema\/person\/8e7e83f618a561ed3734a38cef4cf1d6\",\"name\":\"Tomas Kalabis\",\"image\":{\"@type\":\"ImageObject\",\"inLanguage\":\"cs\",\"@id\":\"https:\/\/tomaskalabis.com\/wordpress\/#\/schema\/person\/image\/\",\"url\":\"https:\/\/secure.gravatar.com\/avatar\/9f7e4796b38d5720e8a07b918f423311?s=96&d=retro&r=g\",\"contentUrl\":\"https:\/\/secure.gravatar.com\/avatar\/9f7e4796b38d5720e8a07b918f423311?s=96&d=retro&r=g\",\"caption\":\"Tomas Kalabis\"},\"sameAs\":[\"https:\/\/x.com\/tomaskalabis\"],\"url\":\"https:\/\/tomaskalabis.com\/wordpress\/author\/kalabis\/\"}]}<\/script>\n<!-- \/ Yoast SEO plugin. -->","yoast_head_json":{"title":"Pro\u010d nem\u016f\u017eu ve Storu naj\u00edt aktualizaci Windows 8.1 ? za v\u0161e m\u016f\u017ee KB2871389","description":"Pro\u010d nem\u016f\u017eu ve Storu naj\u00edt aktualizaci Windows 8.1 ? za v\u0161e m\u016f\u017ee KB2871389","robots":{"index":"index","follow":"follow","max-snippet":"max-snippet:-1","max-image-preview":"max-image-preview:large","max-video-preview":"max-video-preview:-1"},"canonical":"https:\/\/tomaskalabis.com\/wordpress\/proc-nemuzu-ve-storu-najit-aktualizaci-windows-8-1-za-vse-muze-kb2871389\/","og_locale":"cs_CZ","og_type":"article","og_title":"Pro\u010d nem\u016f\u017eu ve Storu naj\u00edt aktualizaci Windows 8.1 ? za v\u0161e m\u016f\u017ee KB2871389","og_description":"Pro\u010d nem\u016f\u017eu ve Storu naj\u00edt aktualizaci Windows 8.1 ? za v\u0161e m\u016f\u017ee KB2871389","og_url":"https:\/\/tomaskalabis.com\/wordpress\/proc-nemuzu-ve-storu-najit-aktualizaci-windows-8-1-za-vse-muze-kb2871389\/","og_site_name":"tomaskalabis.com","article_published_time":"2013-12-11T21:02:08+00:00","article_modified_time":"2016-03-09T08:55:16+00:00","og_image":[{"width":172,"height":171,"url":"https:\/\/tomaskalabis.com\/wordpress\/wp-content\/uploads\/2015\/02\/icon-windows8.1.jpg","type":"image\/jpeg"}],"author":"Tomas Kalabis","twitter_misc":{"Napsal(a)":"Tomas Kalabis","Odhadovan\u00e1 doba \u010dten\u00ed":"1 minuta"},"schema":{"@context":"https:\/\/schema.org","@graph":[{"@type":"WebPage","@id":"https:\/\/tomaskalabis.com\/wordpress\/proc-nemuzu-ve-storu-najit-aktualizaci-windows-8-1-za-vse-muze-kb2871389\/","url":"https:\/\/tomaskalabis.com\/wordpress\/proc-nemuzu-ve-storu-najit-aktualizaci-windows-8-1-za-vse-muze-kb2871389\/","name":"Pro\u010d nem\u016f\u017eu ve Storu naj\u00edt aktualizaci Windows 8.1 ? za v\u0161e m\u016f\u017ee KB2871389","isPartOf":{"@id":"https:\/\/tomaskalabis.com\/wordpress\/#website"},"primaryImageOfPage":{"@id":"https:\/\/tomaskalabis.com\/wordpress\/proc-nemuzu-ve-storu-najit-aktualizaci-windows-8-1-za-vse-muze-kb2871389\/#primaryimage"},"image":{"@id":"https:\/\/tomaskalabis.com\/wordpress\/proc-nemuzu-ve-storu-najit-aktualizaci-windows-8-1-za-vse-muze-kb2871389\/#primaryimage"},"thumbnailUrl":"https:\/\/tomaskalabis.com\/wordpress\/wp-content\/uploads\/2015\/02\/icon-windows8.1.jpg","datePublished":"2013-12-11T21:02:08+00:00","dateModified":"2016-03-09T08:55:16+00:00","author":{"@id":"https:\/\/tomaskalabis.com\/wordpress\/#\/schema\/person\/8e7e83f618a561ed3734a38cef4cf1d6"},"description":"Pro\u010d nem\u016f\u017eu ve Storu naj\u00edt aktualizaci Windows 8.1 ? za v\u0161e m\u016f\u017ee KB2871389","breadcrumb":{"@id":"https:\/\/tomaskalabis.com\/wordpress\/proc-nemuzu-ve-storu-najit-aktualizaci-windows-8-1-za-vse-muze-kb2871389\/#breadcrumb"},"inLanguage":"cs","potentialAction":[{"@type":"ReadAction","target":["https:\/\/tomaskalabis.com\/wordpress\/proc-nemuzu-ve-storu-najit-aktualizaci-windows-8-1-za-vse-muze-kb2871389\/"]}]},{"@type":"ImageObject","inLanguage":"cs","@id":"https:\/\/tomaskalabis.com\/wordpress\/proc-nemuzu-ve-storu-najit-aktualizaci-windows-8-1-za-vse-muze-kb2871389\/#primaryimage","url":"https:\/\/tomaskalabis.com\/wordpress\/wp-content\/uploads\/2015\/02\/icon-windows8.1.jpg","contentUrl":"https:\/\/tomaskalabis.com\/wordpress\/wp-content\/uploads\/2015\/02\/icon-windows8.1.jpg","width":172,"height":171},{"@type":"BreadcrumbList","@id":"https:\/\/tomaskalabis.com\/wordpress\/proc-nemuzu-ve-storu-najit-aktualizaci-windows-8-1-za-vse-muze-kb2871389\/#breadcrumb","itemListElement":[{"@type":"ListItem","position":1,"name":"Home","item":"https:\/\/tomaskalabis.com\/wordpress\/"},{"@type":"ListItem","position":2,"name":"Pro\u010d nem\u016f\u017eu ve Storu naj\u00edt aktualizaci Windows 8.1 ? za v\u0161e m\u016f\u017ee KB2871389"}]},{"@type":"WebSite","@id":"https:\/\/tomaskalabis.com\/wordpress\/#website","url":"https:\/\/tomaskalabis.com\/wordpress\/","name":"tomaskalabis.com","description":"my personal blog","potentialAction":[{"@type":"SearchAction","target":{"@type":"EntryPoint","urlTemplate":"https:\/\/tomaskalabis.com\/wordpress\/?s={search_term_string}"},"query-input":"required name=search_term_string"}],"inLanguage":"cs"},{"@type":"Person","@id":"https:\/\/tomaskalabis.com\/wordpress\/#\/schema\/person\/8e7e83f618a561ed3734a38cef4cf1d6","name":"Tomas Kalabis","image":{"@type":"ImageObject","inLanguage":"cs","@id":"https:\/\/tomaskalabis.com\/wordpress\/#\/schema\/person\/image\/","url":"https:\/\/secure.gravatar.com\/avatar\/9f7e4796b38d5720e8a07b918f423311?s=96&d=retro&r=g","contentUrl":"https:\/\/secure.gravatar.com\/avatar\/9f7e4796b38d5720e8a07b918f423311?s=96&d=retro&r=g","caption":"Tomas Kalabis"},"sameAs":["https:\/\/x.com\/tomaskalabis"],"url":"https:\/\/tomaskalabis.com\/wordpress\/author\/kalabis\/"}]}},"jetpack_featured_media_url":"https:\/\/tomaskalabis.com\/wordpress\/wp-content\/uploads\/2015\/02\/icon-windows8.1.jpg","_links":{"self":[{"href":"https:\/\/tomaskalabis.com\/wordpress\/wp-json\/wp\/v2\/posts\/151"}],"collection":[{"href":"https:\/\/tomaskalabis.com\/wordpress\/wp-json\/wp\/v2\/posts"}],"about":[{"href":"https:\/\/tomaskalabis.com\/wordpress\/wp-json\/wp\/v2\/types\/post"}],"author":[{"embeddable":true,"href":"https:\/\/tomaskalabis.com\/wordpress\/wp-json\/wp\/v2\/users\/2"}],"replies":[{"embeddable":true,"href":"https:\/\/tomaskalabis.com\/wordpress\/wp-json\/wp\/v2\/comments?post=151"}],"version-history":[{"count":4,"href":"https:\/\/tomaskalabis.com\/wordpress\/wp-json\/wp\/v2\/posts\/151\/revisions"}],"predecessor-version":[{"id":863,"href":"https:\/\/tomaskalabis.com\/wordpress\/wp-json\/wp\/v2\/posts\/151\/revisions\/863"}],"wp:featuredmedia":[{"embeddable":true,"href":"https:\/\/tomaskalabis.com\/wordpress\/wp-json\/wp\/v2\/media\/2116"}],"wp:attachment":[{"href":"https:\/\/tomaskalabis.com\/wordpress\/wp-json\/wp\/v2\/media?parent=151"}],"wp:term":[{"taxonomy":"category","embeddable":true,"href":"https:\/\/tomaskalabis.com\/wordpress\/wp-json\/wp\/v2\/categories?post=151"},{"taxonomy":"post_tag","embeddable":true,"href":"https:\/\/tomaskalabis.com\/wordpress\/wp-json\/wp\/v2\/tags?post=151"}],"curies":[{"name":"wp","href":"https:\/\/api.w.org\/{rel}","templated":true}]}}