{"id":2154,"date":"2015-04-08T12:29:49","date_gmt":"2015-04-08T12:29:49","guid":{"rendered":"http:\/\/tomaskalabis.com\/wordpress\/?p=2154"},"modified":"2016-03-09T08:57:28","modified_gmt":"2016-03-09T08:57:28","slug":"asus-x550c-downgrade-z-windows-8-1-pro-na-windows-7-pro","status":"publish","type":"post","link":"https:\/\/tomaskalabis.com\/wordpress\/asus-x550c-downgrade-z-windows-8-1-pro-na-windows-7-pro\/","title":{"rendered":"ASUS X550C &#8211; downgrade z Windows 8.1 Pro na Windows 7 Pro"},"content":{"rendered":"<p>P\u0159ed \u010dasem se mi na st\u016fl dostal notebook zna\u010dky ASUS, jednalo se o typ X550C. Byl jsem po\u017e\u00e1d\u00e1n o downgrade na Windows 7. Abych v\u016fbec mohl downgrade prov\u00e9st bylo nutn\u00e9 vykonat &#8222;p\u0159edp\u0159\u00edpravu&#8220; ale i tak jsem narazil na spousty probl\u00e9mu&#8230; Tak\u017ee alespo\u0148 v rychlosti, na co si d\u00e1vat pozor:<\/p>\n<ul>\n<li>V BIOSu byla pouze mo\u017enost bootov\u00e1n\u00ed pouze z &#8222;Windows Boot Manager&#8220;<\/li>\n<li>Tak\u017ee jsem tedy za\u010dal googlit a zjistil jsem, \u017ee je nutn\u00e9:\n<ul>\n<li>Disable &#8222;Secure Boot&#8220; &#8211; karta Security<\/li>\n<li>Enable &#8222;Launch CSM&#8220; &#8211; karta Boot<\/li>\n<li>Ulo\u017eit &gt; restartovat<\/li>\n<\/ul>\n<\/li>\n<li>Pot\u00e9 mi BIOS nab\u00eddl jako bootovac\u00ed medium USB flash disk<\/li>\n<li>Ale i tak nebylo mo\u017en\u00e9 Windows 7 nainstalovat, proto\u017ee\u00a0&#8222;Windows cannot be installed to this disk the selected disk is of the gpt partition style&#8220;<\/li>\n<li>Tak\u017ee jsem zaz\u00e1lohoval D: a v\u0161echny volume odstranil &gt; pot\u00e9 u\u017e OK&#8230;<\/li>\n<\/ul>\n<p>Tak snad se tyto poznatky budou n\u011bkomu hodit \ud83d\ude42<\/p>\n","protected":false},"excerpt":{"rendered":"<p>P\u0159ed \u010dasem se mi na st\u016fl dostal notebook zna\u010dky ASUS, jednalo se o typ X550C. Byl jsem po\u017e\u00e1d\u00e1n o downgrade na Windows 7. Abych v\u016fbec mohl downgrade prov\u00e9st bylo nutn\u00e9 &#8230;<\/p>\n","protected":false},"author":2,"featured_media":2117,"comment_status":"open","ping_status":"open","sticky":false,"template":"","format":"standard","meta":{"_monsterinsights_skip_tracking":false,"_monsterinsights_sitenote_active":false,"_monsterinsights_sitenote_note":"","_monsterinsights_sitenote_category":0,"footnotes":""},"categories":[34,61,21],"tags":[195,209],"yoast_head":"<!-- This site is optimized with the Yoast SEO plugin v22.5 - https:\/\/yoast.com\/wordpress\/plugins\/seo\/ -->\n<title>ASUS X550C - downgrade z Windows 8.1 Pro na Windows 7 Pro<\/title>\n<meta name=\"description\" content=\"ASUS X550C - downgrade z Windows 8.1 Pro na Windows 7 Pro - V BIOSu byla pouze mo\u017enost bootov\u00e1n\u00ed pouze z &quot;Windows Boot Manager&quot;\" \/>\n<meta name=\"robots\" content=\"index, follow, max-snippet:-1, max-image-preview:large, max-video-preview:-1\" \/>\n<link rel=\"canonical\" href=\"https:\/\/tomaskalabis.com\/wordpress\/asus-x550c-downgrade-z-windows-8-1-pro-na-windows-7-pro\/\" \/>\n<meta property=\"og:locale\" content=\"cs_CZ\" \/>\n<meta property=\"og:type\" content=\"article\" \/>\n<meta property=\"og:title\" content=\"ASUS X550C - downgrade z Windows 8.1 Pro na Windows 7 Pro\" \/>\n<meta property=\"og:description\" content=\"ASUS X550C - downgrade z Windows 8.1 Pro na Windows 7 Pro - V BIOSu byla pouze mo\u017enost bootov\u00e1n\u00ed pouze z &quot;Windows Boot Manager&quot;\" \/>\n<meta property=\"og:url\" content=\"https:\/\/tomaskalabis.com\/wordpress\/asus-x550c-downgrade-z-windows-8-1-pro-na-windows-7-pro\/\" \/>\n<meta property=\"og:site_name\" content=\"tomaskalabis.com\" \/>\n<meta property=\"article:published_time\" content=\"2015-04-08T12:29:49+00:00\" \/>\n<meta property=\"article:modified_time\" content=\"2016-03-09T08:57:28+00:00\" \/>\n<meta property=\"og:image\" content=\"https:\/\/tomaskalabis.com\/wordpress\/wp-content\/uploads\/2014\/11\/icon_windows7.png\" \/>\n\t<meta property=\"og:image:width\" content=\"173\" \/>\n\t<meta property=\"og:image:height\" content=\"176\" \/>\n\t<meta property=\"og:image:type\" content=\"image\/png\" \/>\n<meta name=\"author\" content=\"Tomas Kalabis\" \/>\n<meta name=\"twitter:label1\" content=\"Napsal(a)\" \/>\n\t<meta name=\"twitter:data1\" content=\"Tomas Kalabis\" \/>\n\t<meta name=\"twitter:label2\" content=\"Odhadovan\u00e1 doba \u010dten\u00ed\" \/>\n\t<meta name=\"twitter:data2\" content=\"1 minuta\" \/>\n<script type=\"application\/ld+json\" class=\"yoast-schema-graph\">{\"@context\":\"https:\/\/schema.org\",\"@graph\":[{\"@type\":\"WebPage\",\"@id\":\"https:\/\/tomaskalabis.com\/wordpress\/asus-x550c-downgrade-z-windows-8-1-pro-na-windows-7-pro\/\",\"url\":\"https:\/\/tomaskalabis.com\/wordpress\/asus-x550c-downgrade-z-windows-8-1-pro-na-windows-7-pro\/\",\"name\":\"ASUS X550C - downgrade z Windows 8.1 Pro na Windows 7 Pro\",\"isPartOf\":{\"@id\":\"https:\/\/tomaskalabis.com\/wordpress\/#website\"},\"primaryImageOfPage\":{\"@id\":\"https:\/\/tomaskalabis.com\/wordpress\/asus-x550c-downgrade-z-windows-8-1-pro-na-windows-7-pro\/#primaryimage\"},\"image\":{\"@id\":\"https:\/\/tomaskalabis.com\/wordpress\/asus-x550c-downgrade-z-windows-8-1-pro-na-windows-7-pro\/#primaryimage\"},\"thumbnailUrl\":\"https:\/\/tomaskalabis.com\/wordpress\/wp-content\/uploads\/2014\/11\/icon_windows7.png\",\"datePublished\":\"2015-04-08T12:29:49+00:00\",\"dateModified\":\"2016-03-09T08:57:28+00:00\",\"author\":{\"@id\":\"https:\/\/tomaskalabis.com\/wordpress\/#\/schema\/person\/8e7e83f618a561ed3734a38cef4cf1d6\"},\"description\":\"ASUS X550C - downgrade z Windows 8.1 Pro na Windows 7 Pro - V BIOSu byla pouze mo\u017enost bootov\u00e1n\u00ed pouze z \\\"Windows Boot Manager\\\"\",\"breadcrumb\":{\"@id\":\"https:\/\/tomaskalabis.com\/wordpress\/asus-x550c-downgrade-z-windows-8-1-pro-na-windows-7-pro\/#breadcrumb\"},\"inLanguage\":\"cs\",\"potentialAction\":[{\"@type\":\"ReadAction\",\"target\":[\"https:\/\/tomaskalabis.com\/wordpress\/asus-x550c-downgrade-z-windows-8-1-pro-na-windows-7-pro\/\"]}]},{\"@type\":\"ImageObject\",\"inLanguage\":\"cs\",\"@id\":\"https:\/\/tomaskalabis.com\/wordpress\/asus-x550c-downgrade-z-windows-8-1-pro-na-windows-7-pro\/#primaryimage\",\"url\":\"https:\/\/tomaskalabis.com\/wordpress\/wp-content\/uploads\/2014\/11\/icon_windows7.png\",\"contentUrl\":\"https:\/\/tomaskalabis.com\/wordpress\/wp-content\/uploads\/2014\/11\/icon_windows7.png\",\"width\":173,\"height\":176},{\"@type\":\"BreadcrumbList\",\"@id\":\"https:\/\/tomaskalabis.com\/wordpress\/asus-x550c-downgrade-z-windows-8-1-pro-na-windows-7-pro\/#breadcrumb\",\"itemListElement\":[{\"@type\":\"ListItem\",\"position\":1,\"name\":\"Home\",\"item\":\"https:\/\/tomaskalabis.com\/wordpress\/\"},{\"@type\":\"ListItem\",\"position\":2,\"name\":\"ASUS X550C &#8211; downgrade z Windows 8.1 Pro na Windows 7 Pro\"}]},{\"@type\":\"WebSite\",\"@id\":\"https:\/\/tomaskalabis.com\/wordpress\/#website\",\"url\":\"https:\/\/tomaskalabis.com\/wordpress\/\",\"name\":\"tomaskalabis.com\",\"description\":\"my personal blog\",\"potentialAction\":[{\"@type\":\"SearchAction\",\"target\":{\"@type\":\"EntryPoint\",\"urlTemplate\":\"https:\/\/tomaskalabis.com\/wordpress\/?s={search_term_string}\"},\"query-input\":\"required name=search_term_string\"}],\"inLanguage\":\"cs\"},{\"@type\":\"Person\",\"@id\":\"https:\/\/tomaskalabis.com\/wordpress\/#\/schema\/person\/8e7e83f618a561ed3734a38cef4cf1d6\",\"name\":\"Tomas Kalabis\",\"image\":{\"@type\":\"ImageObject\",\"inLanguage\":\"cs\",\"@id\":\"https:\/\/tomaskalabis.com\/wordpress\/#\/schema\/person\/image\/\",\"url\":\"https:\/\/secure.gravatar.com\/avatar\/9f7e4796b38d5720e8a07b918f423311?s=96&d=retro&r=g\",\"contentUrl\":\"https:\/\/secure.gravatar.com\/avatar\/9f7e4796b38d5720e8a07b918f423311?s=96&d=retro&r=g\",\"caption\":\"Tomas Kalabis\"},\"sameAs\":[\"https:\/\/x.com\/tomaskalabis\"],\"url\":\"https:\/\/tomaskalabis.com\/wordpress\/author\/kalabis\/\"}]}<\/script>\n<!-- \/ Yoast SEO plugin. -->","yoast_head_json":{"title":"ASUS X550C - downgrade z Windows 8.1 Pro na Windows 7 Pro","description":"ASUS X550C - downgrade z Windows 8.1 Pro na Windows 7 Pro - V BIOSu byla pouze mo\u017enost bootov\u00e1n\u00ed pouze z \"Windows Boot Manager\"","robots":{"index":"index","follow":"follow","max-snippet":"max-snippet:-1","max-image-preview":"max-image-preview:large","max-video-preview":"max-video-preview:-1"},"canonical":"https:\/\/tomaskalabis.com\/wordpress\/asus-x550c-downgrade-z-windows-8-1-pro-na-windows-7-pro\/","og_locale":"cs_CZ","og_type":"article","og_title":"ASUS X550C - downgrade z Windows 8.1 Pro na Windows 7 Pro","og_description":"ASUS X550C - downgrade z Windows 8.1 Pro na Windows 7 Pro - V BIOSu byla pouze mo\u017enost bootov\u00e1n\u00ed pouze z \"Windows Boot Manager\"","og_url":"https:\/\/tomaskalabis.com\/wordpress\/asus-x550c-downgrade-z-windows-8-1-pro-na-windows-7-pro\/","og_site_name":"tomaskalabis.com","article_published_time":"2015-04-08T12:29:49+00:00","article_modified_time":"2016-03-09T08:57:28+00:00","og_image":[{"width":173,"height":176,"url":"https:\/\/tomaskalabis.com\/wordpress\/wp-content\/uploads\/2014\/11\/icon_windows7.png","type":"image\/png"}],"author":"Tomas Kalabis","twitter_misc":{"Napsal(a)":"Tomas Kalabis","Odhadovan\u00e1 doba \u010dten\u00ed":"1 minuta"},"schema":{"@context":"https:\/\/schema.org","@graph":[{"@type":"WebPage","@id":"https:\/\/tomaskalabis.com\/wordpress\/asus-x550c-downgrade-z-windows-8-1-pro-na-windows-7-pro\/","url":"https:\/\/tomaskalabis.com\/wordpress\/asus-x550c-downgrade-z-windows-8-1-pro-na-windows-7-pro\/","name":"ASUS X550C - downgrade z Windows 8.1 Pro na Windows 7 Pro","isPartOf":{"@id":"https:\/\/tomaskalabis.com\/wordpress\/#website"},"primaryImageOfPage":{"@id":"https:\/\/tomaskalabis.com\/wordpress\/asus-x550c-downgrade-z-windows-8-1-pro-na-windows-7-pro\/#primaryimage"},"image":{"@id":"https:\/\/tomaskalabis.com\/wordpress\/asus-x550c-downgrade-z-windows-8-1-pro-na-windows-7-pro\/#primaryimage"},"thumbnailUrl":"https:\/\/tomaskalabis.com\/wordpress\/wp-content\/uploads\/2014\/11\/icon_windows7.png","datePublished":"2015-04-08T12:29:49+00:00","dateModified":"2016-03-09T08:57:28+00:00","author":{"@id":"https:\/\/tomaskalabis.com\/wordpress\/#\/schema\/person\/8e7e83f618a561ed3734a38cef4cf1d6"},"description":"ASUS X550C - downgrade z Windows 8.1 Pro na Windows 7 Pro - V BIOSu byla pouze mo\u017enost bootov\u00e1n\u00ed pouze z \"Windows Boot Manager\"","breadcrumb":{"@id":"https:\/\/tomaskalabis.com\/wordpress\/asus-x550c-downgrade-z-windows-8-1-pro-na-windows-7-pro\/#breadcrumb"},"inLanguage":"cs","potentialAction":[{"@type":"ReadAction","target":["https:\/\/tomaskalabis.com\/wordpress\/asus-x550c-downgrade-z-windows-8-1-pro-na-windows-7-pro\/"]}]},{"@type":"ImageObject","inLanguage":"cs","@id":"https:\/\/tomaskalabis.com\/wordpress\/asus-x550c-downgrade-z-windows-8-1-pro-na-windows-7-pro\/#primaryimage","url":"https:\/\/tomaskalabis.com\/wordpress\/wp-content\/uploads\/2014\/11\/icon_windows7.png","contentUrl":"https:\/\/tomaskalabis.com\/wordpress\/wp-content\/uploads\/2014\/11\/icon_windows7.png","width":173,"height":176},{"@type":"BreadcrumbList","@id":"https:\/\/tomaskalabis.com\/wordpress\/asus-x550c-downgrade-z-windows-8-1-pro-na-windows-7-pro\/#breadcrumb","itemListElement":[{"@type":"ListItem","position":1,"name":"Home","item":"https:\/\/tomaskalabis.com\/wordpress\/"},{"@type":"ListItem","position":2,"name":"ASUS X550C &#8211; downgrade z Windows 8.1 Pro na Windows 7 Pro"}]},{"@type":"WebSite","@id":"https:\/\/tomaskalabis.com\/wordpress\/#website","url":"https:\/\/tomaskalabis.com\/wordpress\/","name":"tomaskalabis.com","description":"my personal blog","potentialAction":[{"@type":"SearchAction","target":{"@type":"EntryPoint","urlTemplate":"https:\/\/tomaskalabis.com\/wordpress\/?s={search_term_string}"},"query-input":"required name=search_term_string"}],"inLanguage":"cs"},{"@type":"Person","@id":"https:\/\/tomaskalabis.com\/wordpress\/#\/schema\/person\/8e7e83f618a561ed3734a38cef4cf1d6","name":"Tomas Kalabis","image":{"@type":"ImageObject","inLanguage":"cs","@id":"https:\/\/tomaskalabis.com\/wordpress\/#\/schema\/person\/image\/","url":"https:\/\/secure.gravatar.com\/avatar\/9f7e4796b38d5720e8a07b918f423311?s=96&d=retro&r=g","contentUrl":"https:\/\/secure.gravatar.com\/avatar\/9f7e4796b38d5720e8a07b918f423311?s=96&d=retro&r=g","caption":"Tomas Kalabis"},"sameAs":["https:\/\/x.com\/tomaskalabis"],"url":"https:\/\/tomaskalabis.com\/wordpress\/author\/kalabis\/"}]}},"jetpack_featured_media_url":"https:\/\/tomaskalabis.com\/wordpress\/wp-content\/uploads\/2014\/11\/icon_windows7.png","_links":{"self":[{"href":"https:\/\/tomaskalabis.com\/wordpress\/wp-json\/wp\/v2\/posts\/2154"}],"collection":[{"href":"https:\/\/tomaskalabis.com\/wordpress\/wp-json\/wp\/v2\/posts"}],"about":[{"href":"https:\/\/tomaskalabis.com\/wordpress\/wp-json\/wp\/v2\/types\/post"}],"author":[{"embeddable":true,"href":"https:\/\/tomaskalabis.com\/wordpress\/wp-json\/wp\/v2\/users\/2"}],"replies":[{"embeddable":true,"href":"https:\/\/tomaskalabis.com\/wordpress\/wp-json\/wp\/v2\/comments?post=2154"}],"version-history":[{"count":1,"href":"https:\/\/tomaskalabis.com\/wordpress\/wp-json\/wp\/v2\/posts\/2154\/revisions"}],"predecessor-version":[{"id":2155,"href":"https:\/\/tomaskalabis.com\/wordpress\/wp-json\/wp\/v2\/posts\/2154\/revisions\/2155"}],"wp:featuredmedia":[{"embeddable":true,"href":"https:\/\/tomaskalabis.com\/wordpress\/wp-json\/wp\/v2\/media\/2117"}],"wp:attachment":[{"href":"https:\/\/tomaskalabis.com\/wordpress\/wp-json\/wp\/v2\/media?parent=2154"}],"wp:term":[{"taxonomy":"category","embeddable":true,"href":"https:\/\/tomaskalabis.com\/wordpress\/wp-json\/wp\/v2\/categories?post=2154"},{"taxonomy":"post_tag","embeddable":true,"href":"https:\/\/tomaskalabis.com\/wordpress\/wp-json\/wp\/v2\/tags?post=2154"}],"curies":[{"name":"wp","href":"https:\/\/api.w.org\/{rel}","templated":true}]}}