{"id":2338,"date":"2015-06-10T18:24:49","date_gmt":"2015-06-10T18:24:49","guid":{"rendered":"http:\/\/tomaskalabis.com\/wordpress\/?p=2338"},"modified":"2016-03-09T08:57:22","modified_gmt":"2016-03-09T08:57:22","slug":"jak-je-to-vlastne-s-tim-adprep-exe-pri-zvysovani-z-2003-na-2012r2","status":"publish","type":"post","link":"https:\/\/tomaskalabis.com\/wordpress\/jak-je-to-vlastne-s-tim-adprep-exe-pri-zvysovani-z-2003-na-2012r2\/","title":{"rendered":"Jak je to vlastn\u011b s t\u00edm ADPREP.exe p\u0159i zvy\u0161ov\u00e1n\u00ed z 2003 na  2012R2?"},"content":{"rendered":"<p>Dnes jsem se po dlouh\u00e9 dob\u011b pustil do migrace dom\u00e9ny z 2003 R2 a pustil jsem si p\u0159\u00edkaz<\/p>\n<pre>adprep.exe \/forestprep \/user administrator \/userdomain tka.local \/password *<\/pre>\n<p><a href=\"http:\/\/tomaskalabis.com\/wordpress\/wp-content\/uploads\/2015\/06\/adprep1.png\"><img decoding=\"async\" loading=\"lazy\" class=\"alignnone size-large wp-image-2339\" src=\"http:\/\/tomaskalabis.com\/wordpress\/wp-content\/uploads\/2015\/06\/adprep1-494x50.png\" alt=\"adprep1\" width=\"494\" height=\"50\" srcset=\"https:\/\/tomaskalabis.com\/wordpress\/wp-content\/uploads\/2015\/06\/adprep1-494x50.png 494w, https:\/\/tomaskalabis.com\/wordpress\/wp-content\/uploads\/2015\/06\/adprep1-288x29.png 288w, https:\/\/tomaskalabis.com\/wordpress\/wp-content\/uploads\/2015\/06\/adprep1-620x63.png 620w, https:\/\/tomaskalabis.com\/wordpress\/wp-content\/uploads\/2015\/06\/adprep1.png 628w\" sizes=\"(max-width: 494px) 100vw, 494px\" \/><\/a><\/p>\n<p>nojo ale ono to neprob\u011bhlo, proto\u017ee ten adprep.exe &#8211; kter\u00fd mimochodem poch\u00e1z\u00ed z instala\u010dn\u00edho DVD WS2012R2 X:\\support\\adprep je 64bit aplikace, kterou na 2003, kter\u00fd je 32bit prost\u011b nerozjedete.<\/p>\n<p><a href=\"http:\/\/tomaskalabis.com\/wordpress\/wp-content\/uploads\/2015\/06\/adprep2.png\"><img decoding=\"async\" loading=\"lazy\" class=\"alignnone size-large wp-image-2340\" src=\"http:\/\/tomaskalabis.com\/wordpress\/wp-content\/uploads\/2015\/06\/adprep2-494x294.png\" alt=\"adprep2\" width=\"494\" height=\"294\" srcset=\"https:\/\/tomaskalabis.com\/wordpress\/wp-content\/uploads\/2015\/06\/adprep2-494x294.png 494w, https:\/\/tomaskalabis.com\/wordpress\/wp-content\/uploads\/2015\/06\/adprep2-288x172.png 288w, https:\/\/tomaskalabis.com\/wordpress\/wp-content\/uploads\/2015\/06\/adprep2-620x369.png 620w, https:\/\/tomaskalabis.com\/wordpress\/wp-content\/uploads\/2015\/06\/adprep2.png 628w\" sizes=\"(max-width: 494px) 100vw, 494px\" \/><\/a><\/p>\n<p>No ten hlavn\u00ed f\u00edgl je v tom, \u017ee jak p\u0159id\u00e1v\u00e1te novej DC 2012R2 tak je p\u0159i &#8222;dcpromo.exe&#8220; vid\u011bt proces &#8222;upgrading schema&#8220; a potom to vypad\u00e1 n\u011bjak takhle:<\/p>\n<p>tak\u017ee n\u011bjak tak&#8230;<\/p>\n","protected":false},"excerpt":{"rendered":"<p>Dnes jsem se po dlouh\u00e9 dob\u011b pustil do migrace dom\u00e9ny z 2003 R2 a pustil jsem si p\u0159\u00edkaz adprep.exe \/forestprep \/user administrator \/userdomain tka.local \/password * nojo ale ono to &#8230;<\/p>\n","protected":false},"author":2,"featured_media":2087,"comment_status":"open","ping_status":"open","sticky":false,"template":"","format":"standard","meta":{"_monsterinsights_skip_tracking":false,"_monsterinsights_sitenote_active":false,"_monsterinsights_sitenote_note":"","_monsterinsights_sitenote_category":0,"footnotes":""},"categories":[62,12],"tags":[202,214,207],"yoast_head":"<!-- This site is optimized with the Yoast SEO plugin v22.5 - https:\/\/yoast.com\/wordpress\/plugins\/seo\/ -->\n<title>Jak je to vlastn\u011b s t\u00edm ADPREP.exe p\u0159i zvy\u0161ov\u00e1n\u00ed z 2003 na 2012R2?<\/title>\n<meta name=\"description\" content=\"Jak je to vlastn\u011b s t\u00edm ADPREP.exe p\u0159i zvy\u0161ov\u00e1n\u00ed z 2003 na 2012R2? Dnes jsem se po dlouh\u00e9 dob\u011b pustil do migrace dom\u00e9ny z 2003 R2 a pustil jsem si p\u0159\u00edkaz\" \/>\n<meta name=\"robots\" content=\"index, follow, max-snippet:-1, max-image-preview:large, max-video-preview:-1\" \/>\n<link rel=\"canonical\" href=\"https:\/\/tomaskalabis.com\/wordpress\/jak-je-to-vlastne-s-tim-adprep-exe-pri-zvysovani-z-2003-na-2012r2\/\" \/>\n<meta property=\"og:locale\" content=\"cs_CZ\" \/>\n<meta property=\"og:type\" content=\"article\" \/>\n<meta property=\"og:title\" content=\"Jak je to vlastn\u011b s t\u00edm ADPREP.exe p\u0159i zvy\u0161ov\u00e1n\u00ed z 2003 na 2012R2?\" \/>\n<meta property=\"og:description\" content=\"Jak je to vlastn\u011b s t\u00edm ADPREP.exe p\u0159i zvy\u0161ov\u00e1n\u00ed z 2003 na 2012R2? Dnes jsem se po dlouh\u00e9 dob\u011b pustil do migrace dom\u00e9ny z 2003 R2 a pustil jsem si p\u0159\u00edkaz\" \/>\n<meta property=\"og:url\" content=\"https:\/\/tomaskalabis.com\/wordpress\/jak-je-to-vlastne-s-tim-adprep-exe-pri-zvysovani-z-2003-na-2012r2\/\" \/>\n<meta property=\"og:site_name\" content=\"tomaskalabis.com\" \/>\n<meta property=\"article:published_time\" content=\"2015-06-10T18:24:49+00:00\" \/>\n<meta property=\"article:modified_time\" content=\"2016-03-09T08:57:22+00:00\" \/>\n<meta property=\"og:image\" content=\"https:\/\/tomaskalabis.com\/wordpress\/wp-content\/uploads\/2015\/03\/Server-2012-R2.gif\" \/>\n\t<meta property=\"og:image:width\" content=\"178\" \/>\n\t<meta property=\"og:image:height\" content=\"178\" \/>\n\t<meta property=\"og:image:type\" content=\"image\/gif\" \/>\n<meta name=\"author\" content=\"Tomas Kalabis\" \/>\n<meta name=\"twitter:label1\" content=\"Napsal(a)\" \/>\n\t<meta name=\"twitter:data1\" content=\"Tomas Kalabis\" \/>\n\t<meta name=\"twitter:label2\" content=\"Odhadovan\u00e1 doba \u010dten\u00ed\" \/>\n\t<meta name=\"twitter:data2\" content=\"1 minuta\" \/>\n<script type=\"application\/ld+json\" class=\"yoast-schema-graph\">{\"@context\":\"https:\/\/schema.org\",\"@graph\":[{\"@type\":\"WebPage\",\"@id\":\"https:\/\/tomaskalabis.com\/wordpress\/jak-je-to-vlastne-s-tim-adprep-exe-pri-zvysovani-z-2003-na-2012r2\/\",\"url\":\"https:\/\/tomaskalabis.com\/wordpress\/jak-je-to-vlastne-s-tim-adprep-exe-pri-zvysovani-z-2003-na-2012r2\/\",\"name\":\"Jak je to vlastn\u011b s t\u00edm ADPREP.exe p\u0159i zvy\u0161ov\u00e1n\u00ed z 2003 na 2012R2?\",\"isPartOf\":{\"@id\":\"https:\/\/tomaskalabis.com\/wordpress\/#website\"},\"primaryImageOfPage\":{\"@id\":\"https:\/\/tomaskalabis.com\/wordpress\/jak-je-to-vlastne-s-tim-adprep-exe-pri-zvysovani-z-2003-na-2012r2\/#primaryimage\"},\"image\":{\"@id\":\"https:\/\/tomaskalabis.com\/wordpress\/jak-je-to-vlastne-s-tim-adprep-exe-pri-zvysovani-z-2003-na-2012r2\/#primaryimage\"},\"thumbnailUrl\":\"https:\/\/tomaskalabis.com\/wordpress\/wp-content\/uploads\/2015\/03\/Server-2012-R2.gif\",\"datePublished\":\"2015-06-10T18:24:49+00:00\",\"dateModified\":\"2016-03-09T08:57:22+00:00\",\"author\":{\"@id\":\"https:\/\/tomaskalabis.com\/wordpress\/#\/schema\/person\/8e7e83f618a561ed3734a38cef4cf1d6\"},\"description\":\"Jak je to vlastn\u011b s t\u00edm ADPREP.exe p\u0159i zvy\u0161ov\u00e1n\u00ed z 2003 na 2012R2? Dnes jsem se po dlouh\u00e9 dob\u011b pustil do migrace dom\u00e9ny z 2003 R2 a pustil jsem si p\u0159\u00edkaz\",\"breadcrumb\":{\"@id\":\"https:\/\/tomaskalabis.com\/wordpress\/jak-je-to-vlastne-s-tim-adprep-exe-pri-zvysovani-z-2003-na-2012r2\/#breadcrumb\"},\"inLanguage\":\"cs\",\"potentialAction\":[{\"@type\":\"ReadAction\",\"target\":[\"https:\/\/tomaskalabis.com\/wordpress\/jak-je-to-vlastne-s-tim-adprep-exe-pri-zvysovani-z-2003-na-2012r2\/\"]}]},{\"@type\":\"ImageObject\",\"inLanguage\":\"cs\",\"@id\":\"https:\/\/tomaskalabis.com\/wordpress\/jak-je-to-vlastne-s-tim-adprep-exe-pri-zvysovani-z-2003-na-2012r2\/#primaryimage\",\"url\":\"https:\/\/tomaskalabis.com\/wordpress\/wp-content\/uploads\/2015\/03\/Server-2012-R2.gif\",\"contentUrl\":\"https:\/\/tomaskalabis.com\/wordpress\/wp-content\/uploads\/2015\/03\/Server-2012-R2.gif\",\"width\":178,\"height\":178},{\"@type\":\"BreadcrumbList\",\"@id\":\"https:\/\/tomaskalabis.com\/wordpress\/jak-je-to-vlastne-s-tim-adprep-exe-pri-zvysovani-z-2003-na-2012r2\/#breadcrumb\",\"itemListElement\":[{\"@type\":\"ListItem\",\"position\":1,\"name\":\"Home\",\"item\":\"https:\/\/tomaskalabis.com\/wordpress\/\"},{\"@type\":\"ListItem\",\"position\":2,\"name\":\"Jak je to vlastn\u011b s t\u00edm ADPREP.exe p\u0159i zvy\u0161ov\u00e1n\u00ed z 2003 na 2012R2?\"}]},{\"@type\":\"WebSite\",\"@id\":\"https:\/\/tomaskalabis.com\/wordpress\/#website\",\"url\":\"https:\/\/tomaskalabis.com\/wordpress\/\",\"name\":\"tomaskalabis.com\",\"description\":\"my personal blog\",\"potentialAction\":[{\"@type\":\"SearchAction\",\"target\":{\"@type\":\"EntryPoint\",\"urlTemplate\":\"https:\/\/tomaskalabis.com\/wordpress\/?s={search_term_string}\"},\"query-input\":\"required name=search_term_string\"}],\"inLanguage\":\"cs\"},{\"@type\":\"Person\",\"@id\":\"https:\/\/tomaskalabis.com\/wordpress\/#\/schema\/person\/8e7e83f618a561ed3734a38cef4cf1d6\",\"name\":\"Tomas Kalabis\",\"image\":{\"@type\":\"ImageObject\",\"inLanguage\":\"cs\",\"@id\":\"https:\/\/tomaskalabis.com\/wordpress\/#\/schema\/person\/image\/\",\"url\":\"https:\/\/secure.gravatar.com\/avatar\/9f7e4796b38d5720e8a07b918f423311?s=96&d=retro&r=g\",\"contentUrl\":\"https:\/\/secure.gravatar.com\/avatar\/9f7e4796b38d5720e8a07b918f423311?s=96&d=retro&r=g\",\"caption\":\"Tomas Kalabis\"},\"sameAs\":[\"https:\/\/x.com\/tomaskalabis\"],\"url\":\"https:\/\/tomaskalabis.com\/wordpress\/author\/kalabis\/\"}]}<\/script>\n<!-- \/ Yoast SEO plugin. -->","yoast_head_json":{"title":"Jak je to vlastn\u011b s t\u00edm ADPREP.exe p\u0159i zvy\u0161ov\u00e1n\u00ed z 2003 na 2012R2?","description":"Jak je to vlastn\u011b s t\u00edm ADPREP.exe p\u0159i zvy\u0161ov\u00e1n\u00ed z 2003 na 2012R2? Dnes jsem se po dlouh\u00e9 dob\u011b pustil do migrace dom\u00e9ny z 2003 R2 a pustil jsem si p\u0159\u00edkaz","robots":{"index":"index","follow":"follow","max-snippet":"max-snippet:-1","max-image-preview":"max-image-preview:large","max-video-preview":"max-video-preview:-1"},"canonical":"https:\/\/tomaskalabis.com\/wordpress\/jak-je-to-vlastne-s-tim-adprep-exe-pri-zvysovani-z-2003-na-2012r2\/","og_locale":"cs_CZ","og_type":"article","og_title":"Jak je to vlastn\u011b s t\u00edm ADPREP.exe p\u0159i zvy\u0161ov\u00e1n\u00ed z 2003 na 2012R2?","og_description":"Jak je to vlastn\u011b s t\u00edm ADPREP.exe p\u0159i zvy\u0161ov\u00e1n\u00ed z 2003 na 2012R2? Dnes jsem se po dlouh\u00e9 dob\u011b pustil do migrace dom\u00e9ny z 2003 R2 a pustil jsem si p\u0159\u00edkaz","og_url":"https:\/\/tomaskalabis.com\/wordpress\/jak-je-to-vlastne-s-tim-adprep-exe-pri-zvysovani-z-2003-na-2012r2\/","og_site_name":"tomaskalabis.com","article_published_time":"2015-06-10T18:24:49+00:00","article_modified_time":"2016-03-09T08:57:22+00:00","og_image":[{"width":178,"height":178,"url":"https:\/\/tomaskalabis.com\/wordpress\/wp-content\/uploads\/2015\/03\/Server-2012-R2.gif","type":"image\/gif"}],"author":"Tomas Kalabis","twitter_misc":{"Napsal(a)":"Tomas Kalabis","Odhadovan\u00e1 doba \u010dten\u00ed":"1 minuta"},"schema":{"@context":"https:\/\/schema.org","@graph":[{"@type":"WebPage","@id":"https:\/\/tomaskalabis.com\/wordpress\/jak-je-to-vlastne-s-tim-adprep-exe-pri-zvysovani-z-2003-na-2012r2\/","url":"https:\/\/tomaskalabis.com\/wordpress\/jak-je-to-vlastne-s-tim-adprep-exe-pri-zvysovani-z-2003-na-2012r2\/","name":"Jak je to vlastn\u011b s t\u00edm ADPREP.exe p\u0159i zvy\u0161ov\u00e1n\u00ed z 2003 na 2012R2?","isPartOf":{"@id":"https:\/\/tomaskalabis.com\/wordpress\/#website"},"primaryImageOfPage":{"@id":"https:\/\/tomaskalabis.com\/wordpress\/jak-je-to-vlastne-s-tim-adprep-exe-pri-zvysovani-z-2003-na-2012r2\/#primaryimage"},"image":{"@id":"https:\/\/tomaskalabis.com\/wordpress\/jak-je-to-vlastne-s-tim-adprep-exe-pri-zvysovani-z-2003-na-2012r2\/#primaryimage"},"thumbnailUrl":"https:\/\/tomaskalabis.com\/wordpress\/wp-content\/uploads\/2015\/03\/Server-2012-R2.gif","datePublished":"2015-06-10T18:24:49+00:00","dateModified":"2016-03-09T08:57:22+00:00","author":{"@id":"https:\/\/tomaskalabis.com\/wordpress\/#\/schema\/person\/8e7e83f618a561ed3734a38cef4cf1d6"},"description":"Jak je to vlastn\u011b s t\u00edm ADPREP.exe p\u0159i zvy\u0161ov\u00e1n\u00ed z 2003 na 2012R2? Dnes jsem se po dlouh\u00e9 dob\u011b pustil do migrace dom\u00e9ny z 2003 R2 a pustil jsem si p\u0159\u00edkaz","breadcrumb":{"@id":"https:\/\/tomaskalabis.com\/wordpress\/jak-je-to-vlastne-s-tim-adprep-exe-pri-zvysovani-z-2003-na-2012r2\/#breadcrumb"},"inLanguage":"cs","potentialAction":[{"@type":"ReadAction","target":["https:\/\/tomaskalabis.com\/wordpress\/jak-je-to-vlastne-s-tim-adprep-exe-pri-zvysovani-z-2003-na-2012r2\/"]}]},{"@type":"ImageObject","inLanguage":"cs","@id":"https:\/\/tomaskalabis.com\/wordpress\/jak-je-to-vlastne-s-tim-adprep-exe-pri-zvysovani-z-2003-na-2012r2\/#primaryimage","url":"https:\/\/tomaskalabis.com\/wordpress\/wp-content\/uploads\/2015\/03\/Server-2012-R2.gif","contentUrl":"https:\/\/tomaskalabis.com\/wordpress\/wp-content\/uploads\/2015\/03\/Server-2012-R2.gif","width":178,"height":178},{"@type":"BreadcrumbList","@id":"https:\/\/tomaskalabis.com\/wordpress\/jak-je-to-vlastne-s-tim-adprep-exe-pri-zvysovani-z-2003-na-2012r2\/#breadcrumb","itemListElement":[{"@type":"ListItem","position":1,"name":"Home","item":"https:\/\/tomaskalabis.com\/wordpress\/"},{"@type":"ListItem","position":2,"name":"Jak je to vlastn\u011b s t\u00edm ADPREP.exe p\u0159i zvy\u0161ov\u00e1n\u00ed z 2003 na 2012R2?"}]},{"@type":"WebSite","@id":"https:\/\/tomaskalabis.com\/wordpress\/#website","url":"https:\/\/tomaskalabis.com\/wordpress\/","name":"tomaskalabis.com","description":"my personal blog","potentialAction":[{"@type":"SearchAction","target":{"@type":"EntryPoint","urlTemplate":"https:\/\/tomaskalabis.com\/wordpress\/?s={search_term_string}"},"query-input":"required name=search_term_string"}],"inLanguage":"cs"},{"@type":"Person","@id":"https:\/\/tomaskalabis.com\/wordpress\/#\/schema\/person\/8e7e83f618a561ed3734a38cef4cf1d6","name":"Tomas Kalabis","image":{"@type":"ImageObject","inLanguage":"cs","@id":"https:\/\/tomaskalabis.com\/wordpress\/#\/schema\/person\/image\/","url":"https:\/\/secure.gravatar.com\/avatar\/9f7e4796b38d5720e8a07b918f423311?s=96&d=retro&r=g","contentUrl":"https:\/\/secure.gravatar.com\/avatar\/9f7e4796b38d5720e8a07b918f423311?s=96&d=retro&r=g","caption":"Tomas Kalabis"},"sameAs":["https:\/\/x.com\/tomaskalabis"],"url":"https:\/\/tomaskalabis.com\/wordpress\/author\/kalabis\/"}]}},"jetpack_featured_media_url":"https:\/\/tomaskalabis.com\/wordpress\/wp-content\/uploads\/2015\/03\/Server-2012-R2.gif","_links":{"self":[{"href":"https:\/\/tomaskalabis.com\/wordpress\/wp-json\/wp\/v2\/posts\/2338"}],"collection":[{"href":"https:\/\/tomaskalabis.com\/wordpress\/wp-json\/wp\/v2\/posts"}],"about":[{"href":"https:\/\/tomaskalabis.com\/wordpress\/wp-json\/wp\/v2\/types\/post"}],"author":[{"embeddable":true,"href":"https:\/\/tomaskalabis.com\/wordpress\/wp-json\/wp\/v2\/users\/2"}],"replies":[{"embeddable":true,"href":"https:\/\/tomaskalabis.com\/wordpress\/wp-json\/wp\/v2\/comments?post=2338"}],"version-history":[{"count":2,"href":"https:\/\/tomaskalabis.com\/wordpress\/wp-json\/wp\/v2\/posts\/2338\/revisions"}],"predecessor-version":[{"id":2342,"href":"https:\/\/tomaskalabis.com\/wordpress\/wp-json\/wp\/v2\/posts\/2338\/revisions\/2342"}],"wp:featuredmedia":[{"embeddable":true,"href":"https:\/\/tomaskalabis.com\/wordpress\/wp-json\/wp\/v2\/media\/2087"}],"wp:attachment":[{"href":"https:\/\/tomaskalabis.com\/wordpress\/wp-json\/wp\/v2\/media?parent=2338"}],"wp:term":[{"taxonomy":"category","embeddable":true,"href":"https:\/\/tomaskalabis.com\/wordpress\/wp-json\/wp\/v2\/categories?post=2338"},{"taxonomy":"post_tag","embeddable":true,"href":"https:\/\/tomaskalabis.com\/wordpress\/wp-json\/wp\/v2\/tags?post=2338"}],"curies":[{"name":"wp","href":"https:\/\/api.w.org\/{rel}","templated":true}]}}