{"id":2500,"date":"2015-08-25T17:49:25","date_gmt":"2015-08-25T17:49:25","guid":{"rendered":"http:\/\/tomaskalabis.com\/wordpress\/?p=2500"},"modified":"2016-03-09T08:56:14","modified_gmt":"2016-03-09T08:56:14","slug":"windows-management-framework-3-0-the-update-is-not-applicable-to-your-computer","status":"publish","type":"post","link":"https:\/\/tomaskalabis.com\/wordpress\/windows-management-framework-3-0-the-update-is-not-applicable-to-your-computer\/","title":{"rendered":"Windows Management Framework 3.0 &#8211; &#8222;The Update is Not Applicable to Your Computer\u201d"},"content":{"rendered":"<p><strong>Popis probl\u00e9mu:<\/strong><\/p>\n<p><a href=\"http:\/\/tomaskalabis.com\/wordpress\/wp-content\/uploads\/2015\/08\/manage_2008_from_2012_0-0.png\"><img decoding=\"async\" loading=\"lazy\" class=\"alignnone size-full wp-image-2502\" src=\"http:\/\/tomaskalabis.com\/wordpress\/wp-content\/uploads\/2015\/08\/manage_2008_from_2012_0-0.png\" alt=\"manage_2008_from_2012_0-0\" width=\"381\" height=\"156\" srcset=\"https:\/\/tomaskalabis.com\/wordpress\/wp-content\/uploads\/2015\/08\/manage_2008_from_2012_0-0.png 381w, https:\/\/tomaskalabis.com\/wordpress\/wp-content\/uploads\/2015\/08\/manage_2008_from_2012_0-0-288x118.png 288w\" sizes=\"(max-width: 381px) 100vw, 381px\" \/><\/a><\/p>\n<p>P\u0159i instalaci <a href=\"http:\/\/www.microsoft.com\/en-us\/download\/details.aspx?id=34595\" target=\"_blank\">Windows Management Framework 3.0<\/a> na Windows Server 2008 SP2 se objev\u00ed chyba: &#8222;Aktualizace se va\u0161eho syst\u00e9mu net\u00fdk\u00e1&#8220;<\/p>\n<p><strong>Mo\u017en\u00e9 \u0159e\u0161en\u00ed:<\/strong><\/p>\n<p><a href=\"http:\/\/tomaskalabis.com\/wordpress\/wp-content\/uploads\/2015\/08\/manage_2008_from_2012_0-1.png\"><img decoding=\"async\" loading=\"lazy\" class=\"alignnone size-large wp-image-2503\" src=\"http:\/\/tomaskalabis.com\/wordpress\/wp-content\/uploads\/2015\/08\/manage_2008_from_2012_0-1-494x129.png\" alt=\"manage_2008_from_2012_0-1\" width=\"494\" height=\"129\" srcset=\"https:\/\/tomaskalabis.com\/wordpress\/wp-content\/uploads\/2015\/08\/manage_2008_from_2012_0-1-494x129.png 494w, https:\/\/tomaskalabis.com\/wordpress\/wp-content\/uploads\/2015\/08\/manage_2008_from_2012_0-1-288x75.png 288w, https:\/\/tomaskalabis.com\/wordpress\/wp-content\/uploads\/2015\/08\/manage_2008_from_2012_0-1.png 836w\" sizes=\"(max-width: 494px) 100vw, 494px\" \/><\/a><\/p>\n<p>Prove\u010fte instalaci Microsoft .NET Framework 4 &#8211; instala\u010dka ke st\u00e1hnut\u00ed <a href=\"http:\/\/www.microsoft.com\/en-us\/download\/details.aspx?id=17851\" target=\"_blank\">zde<\/a><\/p>\n<p>.<a href=\"http:\/\/tomaskalabis.com\/wordpress\/wp-content\/uploads\/2015\/08\/manage_2008_from_2012_0-2.png\"><img decoding=\"async\" loading=\"lazy\" class=\"alignnone size-large wp-image-2504\" src=\"http:\/\/tomaskalabis.com\/wordpress\/wp-content\/uploads\/2015\/08\/manage_2008_from_2012_0-2-494x459.png\" alt=\"manage_2008_from_2012_0-2\" width=\"494\" height=\"459\" srcset=\"https:\/\/tomaskalabis.com\/wordpress\/wp-content\/uploads\/2015\/08\/manage_2008_from_2012_0-2-494x459.png 494w, https:\/\/tomaskalabis.com\/wordpress\/wp-content\/uploads\/2015\/08\/manage_2008_from_2012_0-2-288x267.png 288w, https:\/\/tomaskalabis.com\/wordpress\/wp-content\/uploads\/2015\/08\/manage_2008_from_2012_0-2.png 501w\" sizes=\"(max-width: 494px) 100vw, 494px\" \/><\/a><\/p>\n<p><a href=\"http:\/\/tomaskalabis.com\/wordpress\/wp-content\/uploads\/2015\/08\/manage_2008_from_2012_0-3.png\"><img decoding=\"async\" loading=\"lazy\" class=\"alignnone size-full wp-image-2505\" src=\"http:\/\/tomaskalabis.com\/wordpress\/wp-content\/uploads\/2015\/08\/manage_2008_from_2012_0-3.png\" alt=\"manage_2008_from_2012_0-3\" width=\"372\" height=\"158\" srcset=\"https:\/\/tomaskalabis.com\/wordpress\/wp-content\/uploads\/2015\/08\/manage_2008_from_2012_0-3.png 372w, https:\/\/tomaskalabis.com\/wordpress\/wp-content\/uploads\/2015\/08\/manage_2008_from_2012_0-3-288x122.png 288w\" sizes=\"(max-width: 372px) 100vw, 372px\" \/><\/a><\/p>\n<p>Po instalaci .Net Framework 4 je instalace bal\u00ed\u010dku k dispozici.<\/p>\n<p>&nbsp;<\/p>\n<p>&nbsp;<\/p>\n","protected":false},"excerpt":{"rendered":"<p>Popis probl\u00e9mu: P\u0159i instalaci Windows Management Framework 3.0 na Windows Server 2008 SP2 se objev\u00ed chyba: &#8222;Aktualizace se va\u0161eho syst\u00e9mu net\u00fdk\u00e1&#8220; Mo\u017en\u00e9 \u0159e\u0161en\u00ed: Prove\u010fte instalaci Microsoft .NET Framework 4 &#8211; &#8230;<\/p>\n","protected":false},"author":2,"featured_media":2262,"comment_status":"open","ping_status":"open","sticky":false,"template":"","format":"standard","meta":{"_monsterinsights_skip_tracking":false,"_monsterinsights_sitenote_active":false,"_monsterinsights_sitenote_note":"","_monsterinsights_sitenote_category":0,"footnotes":""},"categories":[222],"tags":[213,6],"yoast_head":"<!-- This site is optimized with the Yoast SEO plugin v22.5 - https:\/\/yoast.com\/wordpress\/plugins\/seo\/ -->\n<title>Windows Management Framework 3.0 - &quot;The Update is Not Applicable to Your Computer\u201d<\/title>\n<meta name=\"description\" content=\"Windows Management Framework 3.0 - &quot;The Update is Not Applicable to Your Computer\u201d P\u0159i instalaci Windows Management Framework 3.0\ufeff na Windows Server 2008 SP2 se objev\u00ed chyba: &quot;Aktualizace se va\u0161eho syst\u00e9mu net\u00fdk\u00e1&quot;\" \/>\n<meta name=\"robots\" content=\"index, follow, max-snippet:-1, max-image-preview:large, max-video-preview:-1\" \/>\n<link rel=\"canonical\" href=\"https:\/\/tomaskalabis.com\/wordpress\/windows-management-framework-3-0-the-update-is-not-applicable-to-your-computer\/\" \/>\n<meta property=\"og:locale\" content=\"cs_CZ\" \/>\n<meta property=\"og:type\" content=\"article\" \/>\n<meta property=\"og:title\" content=\"Windows Management Framework 3.0 - &quot;The Update is Not Applicable to Your Computer\u201d\" \/>\n<meta property=\"og:description\" content=\"Windows Management Framework 3.0 - &quot;The Update is Not Applicable to Your Computer\u201d P\u0159i instalaci Windows Management Framework 3.0\ufeff na Windows Server 2008 SP2 se objev\u00ed chyba: &quot;Aktualizace se va\u0161eho syst\u00e9mu net\u00fdk\u00e1&quot;\" \/>\n<meta property=\"og:url\" content=\"https:\/\/tomaskalabis.com\/wordpress\/windows-management-framework-3-0-the-update-is-not-applicable-to-your-computer\/\" \/>\n<meta property=\"og:site_name\" content=\"tomaskalabis.com\" \/>\n<meta property=\"article:published_time\" content=\"2015-08-25T17:49:25+00:00\" \/>\n<meta property=\"article:modified_time\" content=\"2016-03-09T08:56:14+00:00\" \/>\n<meta property=\"og:image\" content=\"https:\/\/tomaskalabis.com\/wordpress\/wp-content\/uploads\/2015\/05\/windows2008r2.png\" \/>\n\t<meta property=\"og:image:width\" content=\"174\" \/>\n\t<meta property=\"og:image:height\" content=\"185\" \/>\n\t<meta property=\"og:image:type\" content=\"image\/png\" \/>\n<meta name=\"author\" content=\"Tomas Kalabis\" \/>\n<meta name=\"twitter:label1\" content=\"Napsal(a)\" \/>\n\t<meta name=\"twitter:data1\" content=\"Tomas Kalabis\" \/>\n<script type=\"application\/ld+json\" class=\"yoast-schema-graph\">{\"@context\":\"https:\/\/schema.org\",\"@graph\":[{\"@type\":\"WebPage\",\"@id\":\"https:\/\/tomaskalabis.com\/wordpress\/windows-management-framework-3-0-the-update-is-not-applicable-to-your-computer\/\",\"url\":\"https:\/\/tomaskalabis.com\/wordpress\/windows-management-framework-3-0-the-update-is-not-applicable-to-your-computer\/\",\"name\":\"Windows Management Framework 3.0 - \\\"The Update is Not Applicable to Your Computer\u201d\",\"isPartOf\":{\"@id\":\"https:\/\/tomaskalabis.com\/wordpress\/#website\"},\"primaryImageOfPage\":{\"@id\":\"https:\/\/tomaskalabis.com\/wordpress\/windows-management-framework-3-0-the-update-is-not-applicable-to-your-computer\/#primaryimage\"},\"image\":{\"@id\":\"https:\/\/tomaskalabis.com\/wordpress\/windows-management-framework-3-0-the-update-is-not-applicable-to-your-computer\/#primaryimage\"},\"thumbnailUrl\":\"https:\/\/tomaskalabis.com\/wordpress\/wp-content\/uploads\/2015\/05\/windows2008r2.png\",\"datePublished\":\"2015-08-25T17:49:25+00:00\",\"dateModified\":\"2016-03-09T08:56:14+00:00\",\"author\":{\"@id\":\"https:\/\/tomaskalabis.com\/wordpress\/#\/schema\/person\/8e7e83f618a561ed3734a38cef4cf1d6\"},\"description\":\"Windows Management Framework 3.0 - \\\"The Update is Not Applicable to Your Computer\u201d P\u0159i instalaci Windows Management Framework 3.0\ufeff na Windows Server 2008 SP2 se objev\u00ed chyba: \\\"Aktualizace se va\u0161eho syst\u00e9mu net\u00fdk\u00e1\\\"\",\"breadcrumb\":{\"@id\":\"https:\/\/tomaskalabis.com\/wordpress\/windows-management-framework-3-0-the-update-is-not-applicable-to-your-computer\/#breadcrumb\"},\"inLanguage\":\"cs\",\"potentialAction\":[{\"@type\":\"ReadAction\",\"target\":[\"https:\/\/tomaskalabis.com\/wordpress\/windows-management-framework-3-0-the-update-is-not-applicable-to-your-computer\/\"]}]},{\"@type\":\"ImageObject\",\"inLanguage\":\"cs\",\"@id\":\"https:\/\/tomaskalabis.com\/wordpress\/windows-management-framework-3-0-the-update-is-not-applicable-to-your-computer\/#primaryimage\",\"url\":\"https:\/\/tomaskalabis.com\/wordpress\/wp-content\/uploads\/2015\/05\/windows2008r2.png\",\"contentUrl\":\"https:\/\/tomaskalabis.com\/wordpress\/wp-content\/uploads\/2015\/05\/windows2008r2.png\",\"width\":174,\"height\":185},{\"@type\":\"BreadcrumbList\",\"@id\":\"https:\/\/tomaskalabis.com\/wordpress\/windows-management-framework-3-0-the-update-is-not-applicable-to-your-computer\/#breadcrumb\",\"itemListElement\":[{\"@type\":\"ListItem\",\"position\":1,\"name\":\"Home\",\"item\":\"https:\/\/tomaskalabis.com\/wordpress\/\"},{\"@type\":\"ListItem\",\"position\":2,\"name\":\"Windows Management Framework 3.0 &#8211; &#8222;The Update is Not Applicable to Your Computer\u201d\"}]},{\"@type\":\"WebSite\",\"@id\":\"https:\/\/tomaskalabis.com\/wordpress\/#website\",\"url\":\"https:\/\/tomaskalabis.com\/wordpress\/\",\"name\":\"tomaskalabis.com\",\"description\":\"my personal blog\",\"potentialAction\":[{\"@type\":\"SearchAction\",\"target\":{\"@type\":\"EntryPoint\",\"urlTemplate\":\"https:\/\/tomaskalabis.com\/wordpress\/?s={search_term_string}\"},\"query-input\":\"required name=search_term_string\"}],\"inLanguage\":\"cs\"},{\"@type\":\"Person\",\"@id\":\"https:\/\/tomaskalabis.com\/wordpress\/#\/schema\/person\/8e7e83f618a561ed3734a38cef4cf1d6\",\"name\":\"Tomas Kalabis\",\"image\":{\"@type\":\"ImageObject\",\"inLanguage\":\"cs\",\"@id\":\"https:\/\/tomaskalabis.com\/wordpress\/#\/schema\/person\/image\/\",\"url\":\"https:\/\/secure.gravatar.com\/avatar\/9f7e4796b38d5720e8a07b918f423311?s=96&d=retro&r=g\",\"contentUrl\":\"https:\/\/secure.gravatar.com\/avatar\/9f7e4796b38d5720e8a07b918f423311?s=96&d=retro&r=g\",\"caption\":\"Tomas Kalabis\"},\"sameAs\":[\"https:\/\/x.com\/tomaskalabis\"],\"url\":\"https:\/\/tomaskalabis.com\/wordpress\/author\/kalabis\/\"}]}<\/script>\n<!-- \/ Yoast SEO plugin. -->","yoast_head_json":{"title":"Windows Management Framework 3.0 - \"The Update is Not Applicable to Your Computer\u201d","description":"Windows Management Framework 3.0 - \"The Update is Not Applicable to Your Computer\u201d P\u0159i instalaci Windows Management Framework 3.0\ufeff na Windows Server 2008 SP2 se objev\u00ed chyba: \"Aktualizace se va\u0161eho syst\u00e9mu net\u00fdk\u00e1\"","robots":{"index":"index","follow":"follow","max-snippet":"max-snippet:-1","max-image-preview":"max-image-preview:large","max-video-preview":"max-video-preview:-1"},"canonical":"https:\/\/tomaskalabis.com\/wordpress\/windows-management-framework-3-0-the-update-is-not-applicable-to-your-computer\/","og_locale":"cs_CZ","og_type":"article","og_title":"Windows Management Framework 3.0 - \"The Update is Not Applicable to Your Computer\u201d","og_description":"Windows Management Framework 3.0 - \"The Update is Not Applicable to Your Computer\u201d P\u0159i instalaci Windows Management Framework 3.0\ufeff na Windows Server 2008 SP2 se objev\u00ed chyba: \"Aktualizace se va\u0161eho syst\u00e9mu net\u00fdk\u00e1\"","og_url":"https:\/\/tomaskalabis.com\/wordpress\/windows-management-framework-3-0-the-update-is-not-applicable-to-your-computer\/","og_site_name":"tomaskalabis.com","article_published_time":"2015-08-25T17:49:25+00:00","article_modified_time":"2016-03-09T08:56:14+00:00","og_image":[{"width":174,"height":185,"url":"https:\/\/tomaskalabis.com\/wordpress\/wp-content\/uploads\/2015\/05\/windows2008r2.png","type":"image\/png"}],"author":"Tomas Kalabis","twitter_misc":{"Napsal(a)":"Tomas Kalabis"},"schema":{"@context":"https:\/\/schema.org","@graph":[{"@type":"WebPage","@id":"https:\/\/tomaskalabis.com\/wordpress\/windows-management-framework-3-0-the-update-is-not-applicable-to-your-computer\/","url":"https:\/\/tomaskalabis.com\/wordpress\/windows-management-framework-3-0-the-update-is-not-applicable-to-your-computer\/","name":"Windows Management Framework 3.0 - \"The Update is Not Applicable to Your Computer\u201d","isPartOf":{"@id":"https:\/\/tomaskalabis.com\/wordpress\/#website"},"primaryImageOfPage":{"@id":"https:\/\/tomaskalabis.com\/wordpress\/windows-management-framework-3-0-the-update-is-not-applicable-to-your-computer\/#primaryimage"},"image":{"@id":"https:\/\/tomaskalabis.com\/wordpress\/windows-management-framework-3-0-the-update-is-not-applicable-to-your-computer\/#primaryimage"},"thumbnailUrl":"https:\/\/tomaskalabis.com\/wordpress\/wp-content\/uploads\/2015\/05\/windows2008r2.png","datePublished":"2015-08-25T17:49:25+00:00","dateModified":"2016-03-09T08:56:14+00:00","author":{"@id":"https:\/\/tomaskalabis.com\/wordpress\/#\/schema\/person\/8e7e83f618a561ed3734a38cef4cf1d6"},"description":"Windows Management Framework 3.0 - \"The Update is Not Applicable to Your Computer\u201d P\u0159i instalaci Windows Management Framework 3.0\ufeff na Windows Server 2008 SP2 se objev\u00ed chyba: \"Aktualizace se va\u0161eho syst\u00e9mu net\u00fdk\u00e1\"","breadcrumb":{"@id":"https:\/\/tomaskalabis.com\/wordpress\/windows-management-framework-3-0-the-update-is-not-applicable-to-your-computer\/#breadcrumb"},"inLanguage":"cs","potentialAction":[{"@type":"ReadAction","target":["https:\/\/tomaskalabis.com\/wordpress\/windows-management-framework-3-0-the-update-is-not-applicable-to-your-computer\/"]}]},{"@type":"ImageObject","inLanguage":"cs","@id":"https:\/\/tomaskalabis.com\/wordpress\/windows-management-framework-3-0-the-update-is-not-applicable-to-your-computer\/#primaryimage","url":"https:\/\/tomaskalabis.com\/wordpress\/wp-content\/uploads\/2015\/05\/windows2008r2.png","contentUrl":"https:\/\/tomaskalabis.com\/wordpress\/wp-content\/uploads\/2015\/05\/windows2008r2.png","width":174,"height":185},{"@type":"BreadcrumbList","@id":"https:\/\/tomaskalabis.com\/wordpress\/windows-management-framework-3-0-the-update-is-not-applicable-to-your-computer\/#breadcrumb","itemListElement":[{"@type":"ListItem","position":1,"name":"Home","item":"https:\/\/tomaskalabis.com\/wordpress\/"},{"@type":"ListItem","position":2,"name":"Windows Management Framework 3.0 &#8211; &#8222;The Update is Not Applicable to Your Computer\u201d"}]},{"@type":"WebSite","@id":"https:\/\/tomaskalabis.com\/wordpress\/#website","url":"https:\/\/tomaskalabis.com\/wordpress\/","name":"tomaskalabis.com","description":"my personal blog","potentialAction":[{"@type":"SearchAction","target":{"@type":"EntryPoint","urlTemplate":"https:\/\/tomaskalabis.com\/wordpress\/?s={search_term_string}"},"query-input":"required name=search_term_string"}],"inLanguage":"cs"},{"@type":"Person","@id":"https:\/\/tomaskalabis.com\/wordpress\/#\/schema\/person\/8e7e83f618a561ed3734a38cef4cf1d6","name":"Tomas Kalabis","image":{"@type":"ImageObject","inLanguage":"cs","@id":"https:\/\/tomaskalabis.com\/wordpress\/#\/schema\/person\/image\/","url":"https:\/\/secure.gravatar.com\/avatar\/9f7e4796b38d5720e8a07b918f423311?s=96&d=retro&r=g","contentUrl":"https:\/\/secure.gravatar.com\/avatar\/9f7e4796b38d5720e8a07b918f423311?s=96&d=retro&r=g","caption":"Tomas Kalabis"},"sameAs":["https:\/\/x.com\/tomaskalabis"],"url":"https:\/\/tomaskalabis.com\/wordpress\/author\/kalabis\/"}]}},"jetpack_featured_media_url":"https:\/\/tomaskalabis.com\/wordpress\/wp-content\/uploads\/2015\/05\/windows2008r2.png","_links":{"self":[{"href":"https:\/\/tomaskalabis.com\/wordpress\/wp-json\/wp\/v2\/posts\/2500"}],"collection":[{"href":"https:\/\/tomaskalabis.com\/wordpress\/wp-json\/wp\/v2\/posts"}],"about":[{"href":"https:\/\/tomaskalabis.com\/wordpress\/wp-json\/wp\/v2\/types\/post"}],"author":[{"embeddable":true,"href":"https:\/\/tomaskalabis.com\/wordpress\/wp-json\/wp\/v2\/users\/2"}],"replies":[{"embeddable":true,"href":"https:\/\/tomaskalabis.com\/wordpress\/wp-json\/wp\/v2\/comments?post=2500"}],"version-history":[{"count":1,"href":"https:\/\/tomaskalabis.com\/wordpress\/wp-json\/wp\/v2\/posts\/2500\/revisions"}],"predecessor-version":[{"id":2506,"href":"https:\/\/tomaskalabis.com\/wordpress\/wp-json\/wp\/v2\/posts\/2500\/revisions\/2506"}],"wp:featuredmedia":[{"embeddable":true,"href":"https:\/\/tomaskalabis.com\/wordpress\/wp-json\/wp\/v2\/media\/2262"}],"wp:attachment":[{"href":"https:\/\/tomaskalabis.com\/wordpress\/wp-json\/wp\/v2\/media?parent=2500"}],"wp:term":[{"taxonomy":"category","embeddable":true,"href":"https:\/\/tomaskalabis.com\/wordpress\/wp-json\/wp\/v2\/categories?post=2500"},{"taxonomy":"post_tag","embeddable":true,"href":"https:\/\/tomaskalabis.com\/wordpress\/wp-json\/wp\/v2\/tags?post=2500"}],"curies":[{"name":"wp","href":"https:\/\/api.w.org\/{rel}","templated":true}]}}