{"id":329,"date":"2014-01-02T13:44:05","date_gmt":"2014-01-02T13:44:05","guid":{"rendered":"http:\/\/tomaskalabis.com\/wordpress\/?p=329"},"modified":"2016-03-09T08:55:14","modified_gmt":"2016-03-09T08:55:14","slug":"system-v-systemu-aneb-virtualizace-desktopu-v-praxi","status":"publish","type":"post","link":"https:\/\/tomaskalabis.com\/wordpress\/system-v-systemu-aneb-virtualizace-desktopu-v-praxi\/","title":{"rendered":"Syst\u00e9m v syst\u00e9mu aneb virtualizace v praxi."},"content":{"rendered":"<p style=\"text-align: left;\">Jak provozovat 2 syst\u00e9my a v\u00edce na jedn\u00e9 stanici ? Zp\u016fsoby o kter\u00fdch v\u00edm j\u00e1 jsou dva a to:<\/p>\n<ul style=\"text-align: left;\">\n<li>dualboot, kdy si u\u017eivatel p\u0159i startu stanice vybere ten opera\u010dn\u00ed syst\u00e9m se kter\u00fdm chce pracovat.<\/li>\n<li>virtualizace, kter\u00e1 umo\u017e\u0148uje soub\u011b\u017en\u00fd b\u011bh v\u00edce syst\u00e9m\u016f na jednom po\u010d\u00edta\u010di<\/li>\n<\/ul>\n<p style=\"text-align: left;\">Co v\u0161e je nutn\u00e9 k tomu, abychom v\u016fbec mohli virtualizovat ?<\/p>\n<ul style=\"text-align: left;\">\n<li>CPU s podporou virtualizace<\/li>\n<li>Alespo\u0148 4 GB RAM<\/li>\n<li>Dostate\u010dn\u00e9 mno\u017estv\u00ed m\u00edsta na disku<\/li>\n<li>Instala\u010dn\u00ed m\u00e9dium nejl\u00e9pe v .ISO<\/li>\n<\/ul>\n<p style=\"text-align: left;\">Jak\u00e9 jsou nejv\u011bt\u0161\u00ed v\u00fdhody vyu\u017eit\u00ed virtualizace desktopu?<\/p>\n<ul style=\"text-align: left;\">\n<li>jednoduch\u00e9 a pom\u011brn\u011b rychl\u00e9 vytvo\u0159en\u00ed stroje<\/li>\n<li>nepot\u0159ebuji dal\u0161\u00ed po\u010d\u00edta\u010d &#8211; m\u00e1m v\u0161e v jednom<\/li>\n<li>vynikaj\u00edc\u00ed v\u011bc pro testov\u00e1n\u00ed nestabiln\u00edch app \u010di r\u016fzn\u00e9 nastaven\u00ed syst\u00e9mu bez obav<\/li>\n<li>linux, windows a mac na jednom \u017eeleze ? &#8211; \u017e\u00e1dn\u00fd probl\u00e9m<\/li>\n<\/ul>\n<p style=\"text-align: left;\">Jak\u00e9 existuj\u00ed programy, kter\u00e9 mi virtualizaci umo\u017en\u00ed ?<\/p>\n<p style=\"text-align: left;\">free programy:<\/p>\n<ul style=\"text-align: left;\">\n<li>vmware player &#8211; <a href=\"https:\/\/my.vmware.com\/web\/vmware\/free#desktop_end_user_computing\/vmware_player\/6_0\" target=\"_blank\">download<\/a><\/li>\n<li>oracle VirtualBox &#8211;<a href=\"https:\/\/www.virtualbox.org\/wiki\/Downloads\" target=\"_blank\"> download<\/a><\/li>\n<\/ul>\n<p style=\"text-align: left;\">Jak\u00e9 nastaven\u00ed mohu virtualizovan\u00e9mu po\u010d\u00edta\u010di ovlivnit ?<\/p>\n<ul style=\"text-align: left;\">\n<li>Prakticky lze konfigurovat v\u011bci od po\u010dtu jader CPU, velikosti RAM, po\u010dtu NIC &#8211; bridged, NAT, atd, p\u0159id\u00e1vat virtu\u00e1ln\u00ed disky, shared folders a mnoho dal\u0161\u00edho.<\/li>\n<\/ul>\n<p style=\"text-align: center;\"><strong>My si vyzkou\u0161\u00edme vytvo\u0159en\u00ed virtu\u00e1ln\u00edho stroje v Oracle VirtualBoxu.<\/strong><\/p>\n<p style=\"text-align: center;\"><a href=\"http:\/\/tomaskalabis.com\/wordpress\/wp-content\/uploads\/2014\/01\/1.png\"><img decoding=\"async\" loading=\"lazy\" class=\"size-large wp-image-336 aligncenter\" src=\"http:\/\/tomaskalabis.com\/wordpress\/wp-content\/uploads\/2014\/01\/1-494x265.png\" alt=\"1\" width=\"494\" height=\"265\" srcset=\"https:\/\/tomaskalabis.com\/wordpress\/wp-content\/uploads\/2014\/01\/1-494x265.png 494w, https:\/\/tomaskalabis.com\/wordpress\/wp-content\/uploads\/2014\/01\/1-288x154.png 288w, https:\/\/tomaskalabis.com\/wordpress\/wp-content\/uploads\/2014\/01\/1-500x268.png 500w, https:\/\/tomaskalabis.com\/wordpress\/wp-content\/uploads\/2014\/01\/1.png 1600w\" sizes=\"(max-width: 494px) 100vw, 494px\" \/><\/a><\/p>\n<p style=\"text-align: center;\">V lev\u00e9m horn\u00edm rohu klik\u00e1m na nov\u00fd.<\/p>\n<p style=\"text-align: center;\"><a href=\"http:\/\/tomaskalabis.com\/wordpress\/wp-content\/uploads\/2014\/01\/2.png\"><img decoding=\"async\" loading=\"lazy\" class=\"size-full wp-image-337 aligncenter\" src=\"http:\/\/tomaskalabis.com\/wordpress\/wp-content\/uploads\/2014\/01\/2.png\" alt=\"2\" width=\"484\" height=\"371\" srcset=\"https:\/\/tomaskalabis.com\/wordpress\/wp-content\/uploads\/2014\/01\/2.png 484w, https:\/\/tomaskalabis.com\/wordpress\/wp-content\/uploads\/2014\/01\/2-288x220.png 288w\" sizes=\"(max-width: 484px) 100vw, 484px\" \/><\/a><\/p>\n<p style=\"text-align: center;\">Zde je zadat n\u00e1zev virtu\u00e1ln\u00edho stroje (v budoucnu lze m\u011bnit jeho n\u00e1zev), d\u00e1le tak\u00e9 typ a verzi, j\u00e1 budu instalovat W8.1 64bit.<\/p>\n<p style=\"text-align: center;\"><a href=\"http:\/\/tomaskalabis.com\/wordpress\/wp-content\/uploads\/2014\/01\/3.png\"><img decoding=\"async\" loading=\"lazy\" class=\"size-full wp-image-338 aligncenter\" src=\"http:\/\/tomaskalabis.com\/wordpress\/wp-content\/uploads\/2014\/01\/3.png\" alt=\"3\" width=\"484\" height=\"371\" srcset=\"https:\/\/tomaskalabis.com\/wordpress\/wp-content\/uploads\/2014\/01\/3.png 484w, https:\/\/tomaskalabis.com\/wordpress\/wp-content\/uploads\/2014\/01\/3-288x220.png 288w\" sizes=\"(max-width: 484px) 100vw, 484px\" \/><\/a><\/p>\n<p style=\"text-align: center;\">Jeliko\u017e m\u00e1m na ntb dostatek opera\u010dn\u00ed pam\u011bti d\u00e1v\u00e1m stroji k dispozici 3GB RAM.<\/p>\n<p style=\"text-align: center;\"><a href=\"http:\/\/tomaskalabis.com\/wordpress\/wp-content\/uploads\/2014\/01\/4.png\"><img decoding=\"async\" loading=\"lazy\" class=\"size-full wp-image-339 aligncenter\" src=\"http:\/\/tomaskalabis.com\/wordpress\/wp-content\/uploads\/2014\/01\/4.png\" alt=\"4\" width=\"484\" height=\"371\" srcset=\"https:\/\/tomaskalabis.com\/wordpress\/wp-content\/uploads\/2014\/01\/4.png 484w, https:\/\/tomaskalabis.com\/wordpress\/wp-content\/uploads\/2014\/01\/4-288x220.png 288w\" sizes=\"(max-width: 484px) 100vw, 484px\" \/><\/a><\/p>\n<p style=\"text-align: center;\">Vytv\u00e1\u0159\u00edm nov\u00fd virtu\u00e1ln\u00ed pevn\u00fd disk.<\/p>\n<p style=\"text-align: center;\"><a href=\"http:\/\/tomaskalabis.com\/wordpress\/wp-content\/uploads\/2014\/01\/5.png\"><img decoding=\"async\" loading=\"lazy\" class=\"size-large wp-image-340 aligncenter\" src=\"http:\/\/tomaskalabis.com\/wordpress\/wp-content\/uploads\/2014\/01\/5-494x362.png\" alt=\"5\" width=\"494\" height=\"362\" srcset=\"https:\/\/tomaskalabis.com\/wordpress\/wp-content\/uploads\/2014\/01\/5-494x362.png 494w, https:\/\/tomaskalabis.com\/wordpress\/wp-content\/uploads\/2014\/01\/5-288x211.png 288w, https:\/\/tomaskalabis.com\/wordpress\/wp-content\/uploads\/2014\/01\/5-500x366.png 500w, https:\/\/tomaskalabis.com\/wordpress\/wp-content\/uploads\/2014\/01\/5.png 560w\" sizes=\"(max-width: 494px) 100vw, 494px\" \/><\/a><\/p>\n<p style=\"text-align: center;\">Zde nech\u00e1v\u00e1m v\u00fdchoz\u00ed nastaven\u00ed tedy: VDI.<\/p>\n<p style=\"text-align: center;\"><a href=\"http:\/\/tomaskalabis.com\/wordpress\/wp-content\/uploads\/2014\/01\/6.png\"><img decoding=\"async\" loading=\"lazy\" class=\"size-large wp-image-341 aligncenter\" src=\"http:\/\/tomaskalabis.com\/wordpress\/wp-content\/uploads\/2014\/01\/6-494x362.png\" alt=\"6\" width=\"494\" height=\"362\" srcset=\"https:\/\/tomaskalabis.com\/wordpress\/wp-content\/uploads\/2014\/01\/6-494x362.png 494w, https:\/\/tomaskalabis.com\/wordpress\/wp-content\/uploads\/2014\/01\/6-288x211.png 288w, https:\/\/tomaskalabis.com\/wordpress\/wp-content\/uploads\/2014\/01\/6-500x366.png 500w, https:\/\/tomaskalabis.com\/wordpress\/wp-content\/uploads\/2014\/01\/6.png 560w\" sizes=\"(max-width: 494px) 100vw, 494px\" \/><\/a><\/p>\n<p style=\"text-align: center;\">Pro m\u00e9 \u00fa\u010dely mi bude bohat\u011b sta\u010dit dynamicky alokovan\u00fd.<\/p>\n<p style=\"text-align: center;\"><a href=\"http:\/\/tomaskalabis.com\/wordpress\/wp-content\/uploads\/2014\/01\/7.png\"><img decoding=\"async\" loading=\"lazy\" class=\"size-large wp-image-335 aligncenter\" src=\"http:\/\/tomaskalabis.com\/wordpress\/wp-content\/uploads\/2014\/01\/7-453x494.png\" alt=\"7\" width=\"453\" height=\"494\" srcset=\"https:\/\/tomaskalabis.com\/wordpress\/wp-content\/uploads\/2014\/01\/7-453x494.png 453w, https:\/\/tomaskalabis.com\/wordpress\/wp-content\/uploads\/2014\/01\/7-264x288.png 264w, https:\/\/tomaskalabis.com\/wordpress\/wp-content\/uploads\/2014\/01\/7-500x544.png 500w, https:\/\/tomaskalabis.com\/wordpress\/wp-content\/uploads\/2014\/01\/7.png 619w\" sizes=\"(max-width: 453px) 100vw, 453px\" \/><\/a><\/p>\n<p style=\"text-align: center;\">Posledn\u00ed d\u016fle\u017eit\u00fd krok, je nastavit kde budeme m\u00edt n\u00e1mi vytvo\u0159en\u00fd virtu\u00e1ln\u00ed disk a tak\u00e9 jakou bude m\u00edt kapacitu. J\u00e1 ponech\u00e1v\u00e1m v\u00fdchoz\u00edch 25GB.<\/p>\n<p style=\"text-align: center;\"><a href=\"http:\/\/tomaskalabis.com\/wordpress\/wp-content\/uploads\/2014\/01\/8.png\"><img decoding=\"async\" loading=\"lazy\" class=\"size-large wp-image-343 aligncenter\" src=\"http:\/\/tomaskalabis.com\/wordpress\/wp-content\/uploads\/2014\/01\/8-494x425.png\" alt=\"8\" width=\"494\" height=\"425\" srcset=\"https:\/\/tomaskalabis.com\/wordpress\/wp-content\/uploads\/2014\/01\/8-494x425.png 494w, https:\/\/tomaskalabis.com\/wordpress\/wp-content\/uploads\/2014\/01\/8-288x248.png 288w, https:\/\/tomaskalabis.com\/wordpress\/wp-content\/uploads\/2014\/01\/8-500x430.png 500w, https:\/\/tomaskalabis.com\/wordpress\/wp-content\/uploads\/2014\/01\/8.png 644w\" sizes=\"(max-width: 494px) 100vw, 494px\" \/><\/a><\/p>\n<p style=\"text-align: center;\">Spou\u0161t\u00edm virtu\u00e1ln\u00ed stroj a n\u00e1sledn\u011b vyb\u00edr\u00e1m m\u00e9dium, ze kter\u00e9ho budeme bootovat OS, samotn\u00e1 instalace OS je naprosto indentick\u00e1 jako kdy\u017e instalujeme OS na fyzick\u00fd stroj.<\/p>\n<p style=\"text-align: center;\"><a href=\"http:\/\/tomaskalabis.com\/wordpress\/wp-content\/uploads\/2014\/01\/9.png\"><img decoding=\"async\" loading=\"lazy\" class=\"size-large wp-image-346 aligncenter\" src=\"http:\/\/tomaskalabis.com\/wordpress\/wp-content\/uploads\/2014\/01\/9-494x370.png\" alt=\"9\" width=\"494\" height=\"370\" srcset=\"https:\/\/tomaskalabis.com\/wordpress\/wp-content\/uploads\/2014\/01\/9-494x370.png 494w, https:\/\/tomaskalabis.com\/wordpress\/wp-content\/uploads\/2014\/01\/9-288x216.png 288w, https:\/\/tomaskalabis.com\/wordpress\/wp-content\/uploads\/2014\/01\/9-500x375.png 500w, https:\/\/tomaskalabis.com\/wordpress\/wp-content\/uploads\/2014\/01\/9.png 1026w\" sizes=\"(max-width: 494px) 100vw, 494px\" \/><\/a><\/p>\n<p style=\"text-align: center;\">Ji\u017e m\u00e1me virtu\u00e1ln\u00ed stroj provozuschopn\u00fd a m\u016f\u017eeme na n\u011bm za\u010d\u00edt pracovat.<\/p>\n<p style=\"text-align: center;\">V dal\u0161\u00edm d\u00edle se pod\u00edv\u00e1me na mnohem zaj\u00edmav\u011bj\u0161\u00ed virtualizaci server\u016f.<\/p>\n","protected":false},"excerpt":{"rendered":"<p>Jak provozovat 2 syst\u00e9my a v\u00edce na jedn\u00e9 stanici ? Zp\u016fsoby o kter\u00fdch v\u00edm j\u00e1 jsou dva a to: dualboot, kdy si u\u017eivatel p\u0159i startu stanice vybere ten opera\u010dn\u00ed syst\u00e9m &#8230;<\/p>\n","protected":false},"author":2,"featured_media":0,"comment_status":"open","ping_status":"open","sticky":false,"template":"","format":"standard","meta":{"_monsterinsights_skip_tracking":false,"_monsterinsights_sitenote_active":false,"_monsterinsights_sitenote_note":"","_monsterinsights_sitenote_category":0,"footnotes":""},"categories":[1],"tags":[14],"yoast_head":"<!-- This site is optimized with the Yoast SEO plugin v22.5 - https:\/\/yoast.com\/wordpress\/plugins\/seo\/ -->\n<title>Syst\u00e9m v syst\u00e9mu aneb virtualizace v praxi. - tomaskalabis.com<\/title>\n<meta name=\"robots\" content=\"index, follow, max-snippet:-1, max-image-preview:large, max-video-preview:-1\" \/>\n<link rel=\"canonical\" href=\"https:\/\/tomaskalabis.com\/wordpress\/system-v-systemu-aneb-virtualizace-desktopu-v-praxi\/\" \/>\n<meta property=\"og:locale\" content=\"cs_CZ\" \/>\n<meta property=\"og:type\" content=\"article\" \/>\n<meta property=\"og:title\" content=\"Syst\u00e9m v syst\u00e9mu aneb virtualizace v praxi. - tomaskalabis.com\" \/>\n<meta property=\"og:description\" content=\"Jak provozovat 2 syst\u00e9my a v\u00edce na jedn\u00e9 stanici ? Zp\u016fsoby o kter\u00fdch v\u00edm j\u00e1 jsou dva a to: dualboot, kdy si u\u017eivatel p\u0159i startu stanice vybere ten opera\u010dn\u00ed syst\u00e9m ...\" \/>\n<meta property=\"og:url\" content=\"https:\/\/tomaskalabis.com\/wordpress\/system-v-systemu-aneb-virtualizace-desktopu-v-praxi\/\" \/>\n<meta property=\"og:site_name\" content=\"tomaskalabis.com\" \/>\n<meta property=\"article:published_time\" content=\"2014-01-02T13:44:05+00:00\" \/>\n<meta property=\"article:modified_time\" content=\"2016-03-09T08:55:14+00:00\" \/>\n<meta property=\"og:image\" content=\"http:\/\/tomaskalabis.com\/wordpress\/wp-content\/uploads\/2014\/01\/1-494x265.png\" \/>\n<meta name=\"author\" content=\"Tomas Kalabis\" \/>\n<meta name=\"twitter:label1\" content=\"Napsal(a)\" \/>\n\t<meta name=\"twitter:data1\" content=\"Tomas Kalabis\" \/>\n\t<meta name=\"twitter:label2\" content=\"Odhadovan\u00e1 doba \u010dten\u00ed\" \/>\n\t<meta name=\"twitter:data2\" content=\"2 minuty\" \/>\n<script type=\"application\/ld+json\" class=\"yoast-schema-graph\">{\"@context\":\"https:\/\/schema.org\",\"@graph\":[{\"@type\":\"WebPage\",\"@id\":\"https:\/\/tomaskalabis.com\/wordpress\/system-v-systemu-aneb-virtualizace-desktopu-v-praxi\/\",\"url\":\"https:\/\/tomaskalabis.com\/wordpress\/system-v-systemu-aneb-virtualizace-desktopu-v-praxi\/\",\"name\":\"Syst\u00e9m v syst\u00e9mu aneb virtualizace v praxi. - tomaskalabis.com\",\"isPartOf\":{\"@id\":\"https:\/\/tomaskalabis.com\/wordpress\/#website\"},\"primaryImageOfPage\":{\"@id\":\"https:\/\/tomaskalabis.com\/wordpress\/system-v-systemu-aneb-virtualizace-desktopu-v-praxi\/#primaryimage\"},\"image\":{\"@id\":\"https:\/\/tomaskalabis.com\/wordpress\/system-v-systemu-aneb-virtualizace-desktopu-v-praxi\/#primaryimage\"},\"thumbnailUrl\":\"http:\/\/tomaskalabis.com\/wordpress\/wp-content\/uploads\/2014\/01\/1-494x265.png\",\"datePublished\":\"2014-01-02T13:44:05+00:00\",\"dateModified\":\"2016-03-09T08:55:14+00:00\",\"author\":{\"@id\":\"https:\/\/tomaskalabis.com\/wordpress\/#\/schema\/person\/8e7e83f618a561ed3734a38cef4cf1d6\"},\"breadcrumb\":{\"@id\":\"https:\/\/tomaskalabis.com\/wordpress\/system-v-systemu-aneb-virtualizace-desktopu-v-praxi\/#breadcrumb\"},\"inLanguage\":\"cs\",\"potentialAction\":[{\"@type\":\"ReadAction\",\"target\":[\"https:\/\/tomaskalabis.com\/wordpress\/system-v-systemu-aneb-virtualizace-desktopu-v-praxi\/\"]}]},{\"@type\":\"ImageObject\",\"inLanguage\":\"cs\",\"@id\":\"https:\/\/tomaskalabis.com\/wordpress\/system-v-systemu-aneb-virtualizace-desktopu-v-praxi\/#primaryimage\",\"url\":\"http:\/\/tomaskalabis.com\/wordpress\/wp-content\/uploads\/2014\/01\/1-494x265.png\",\"contentUrl\":\"http:\/\/tomaskalabis.com\/wordpress\/wp-content\/uploads\/2014\/01\/1-494x265.png\"},{\"@type\":\"BreadcrumbList\",\"@id\":\"https:\/\/tomaskalabis.com\/wordpress\/system-v-systemu-aneb-virtualizace-desktopu-v-praxi\/#breadcrumb\",\"itemListElement\":[{\"@type\":\"ListItem\",\"position\":1,\"name\":\"Home\",\"item\":\"https:\/\/tomaskalabis.com\/wordpress\/\"},{\"@type\":\"ListItem\",\"position\":2,\"name\":\"Syst\u00e9m v syst\u00e9mu aneb virtualizace v praxi.\"}]},{\"@type\":\"WebSite\",\"@id\":\"https:\/\/tomaskalabis.com\/wordpress\/#website\",\"url\":\"https:\/\/tomaskalabis.com\/wordpress\/\",\"name\":\"tomaskalabis.com\",\"description\":\"my personal blog\",\"potentialAction\":[{\"@type\":\"SearchAction\",\"target\":{\"@type\":\"EntryPoint\",\"urlTemplate\":\"https:\/\/tomaskalabis.com\/wordpress\/?s={search_term_string}\"},\"query-input\":\"required name=search_term_string\"}],\"inLanguage\":\"cs\"},{\"@type\":\"Person\",\"@id\":\"https:\/\/tomaskalabis.com\/wordpress\/#\/schema\/person\/8e7e83f618a561ed3734a38cef4cf1d6\",\"name\":\"Tomas Kalabis\",\"image\":{\"@type\":\"ImageObject\",\"inLanguage\":\"cs\",\"@id\":\"https:\/\/tomaskalabis.com\/wordpress\/#\/schema\/person\/image\/\",\"url\":\"https:\/\/secure.gravatar.com\/avatar\/9f7e4796b38d5720e8a07b918f423311?s=96&d=retro&r=g\",\"contentUrl\":\"https:\/\/secure.gravatar.com\/avatar\/9f7e4796b38d5720e8a07b918f423311?s=96&d=retro&r=g\",\"caption\":\"Tomas Kalabis\"},\"sameAs\":[\"https:\/\/x.com\/tomaskalabis\"],\"url\":\"https:\/\/tomaskalabis.com\/wordpress\/author\/kalabis\/\"}]}<\/script>\n<!-- \/ Yoast SEO plugin. -->","yoast_head_json":{"title":"Syst\u00e9m v syst\u00e9mu aneb virtualizace v praxi. - tomaskalabis.com","robots":{"index":"index","follow":"follow","max-snippet":"max-snippet:-1","max-image-preview":"max-image-preview:large","max-video-preview":"max-video-preview:-1"},"canonical":"https:\/\/tomaskalabis.com\/wordpress\/system-v-systemu-aneb-virtualizace-desktopu-v-praxi\/","og_locale":"cs_CZ","og_type":"article","og_title":"Syst\u00e9m v syst\u00e9mu aneb virtualizace v praxi. - tomaskalabis.com","og_description":"Jak provozovat 2 syst\u00e9my a v\u00edce na jedn\u00e9 stanici ? Zp\u016fsoby o kter\u00fdch v\u00edm j\u00e1 jsou dva a to: dualboot, kdy si u\u017eivatel p\u0159i startu stanice vybere ten opera\u010dn\u00ed syst\u00e9m ...","og_url":"https:\/\/tomaskalabis.com\/wordpress\/system-v-systemu-aneb-virtualizace-desktopu-v-praxi\/","og_site_name":"tomaskalabis.com","article_published_time":"2014-01-02T13:44:05+00:00","article_modified_time":"2016-03-09T08:55:14+00:00","og_image":[{"url":"http:\/\/tomaskalabis.com\/wordpress\/wp-content\/uploads\/2014\/01\/1-494x265.png"}],"author":"Tomas Kalabis","twitter_misc":{"Napsal(a)":"Tomas Kalabis","Odhadovan\u00e1 doba \u010dten\u00ed":"2 minuty"},"schema":{"@context":"https:\/\/schema.org","@graph":[{"@type":"WebPage","@id":"https:\/\/tomaskalabis.com\/wordpress\/system-v-systemu-aneb-virtualizace-desktopu-v-praxi\/","url":"https:\/\/tomaskalabis.com\/wordpress\/system-v-systemu-aneb-virtualizace-desktopu-v-praxi\/","name":"Syst\u00e9m v syst\u00e9mu aneb virtualizace v praxi. - tomaskalabis.com","isPartOf":{"@id":"https:\/\/tomaskalabis.com\/wordpress\/#website"},"primaryImageOfPage":{"@id":"https:\/\/tomaskalabis.com\/wordpress\/system-v-systemu-aneb-virtualizace-desktopu-v-praxi\/#primaryimage"},"image":{"@id":"https:\/\/tomaskalabis.com\/wordpress\/system-v-systemu-aneb-virtualizace-desktopu-v-praxi\/#primaryimage"},"thumbnailUrl":"http:\/\/tomaskalabis.com\/wordpress\/wp-content\/uploads\/2014\/01\/1-494x265.png","datePublished":"2014-01-02T13:44:05+00:00","dateModified":"2016-03-09T08:55:14+00:00","author":{"@id":"https:\/\/tomaskalabis.com\/wordpress\/#\/schema\/person\/8e7e83f618a561ed3734a38cef4cf1d6"},"breadcrumb":{"@id":"https:\/\/tomaskalabis.com\/wordpress\/system-v-systemu-aneb-virtualizace-desktopu-v-praxi\/#breadcrumb"},"inLanguage":"cs","potentialAction":[{"@type":"ReadAction","target":["https:\/\/tomaskalabis.com\/wordpress\/system-v-systemu-aneb-virtualizace-desktopu-v-praxi\/"]}]},{"@type":"ImageObject","inLanguage":"cs","@id":"https:\/\/tomaskalabis.com\/wordpress\/system-v-systemu-aneb-virtualizace-desktopu-v-praxi\/#primaryimage","url":"http:\/\/tomaskalabis.com\/wordpress\/wp-content\/uploads\/2014\/01\/1-494x265.png","contentUrl":"http:\/\/tomaskalabis.com\/wordpress\/wp-content\/uploads\/2014\/01\/1-494x265.png"},{"@type":"BreadcrumbList","@id":"https:\/\/tomaskalabis.com\/wordpress\/system-v-systemu-aneb-virtualizace-desktopu-v-praxi\/#breadcrumb","itemListElement":[{"@type":"ListItem","position":1,"name":"Home","item":"https:\/\/tomaskalabis.com\/wordpress\/"},{"@type":"ListItem","position":2,"name":"Syst\u00e9m v syst\u00e9mu aneb virtualizace v praxi."}]},{"@type":"WebSite","@id":"https:\/\/tomaskalabis.com\/wordpress\/#website","url":"https:\/\/tomaskalabis.com\/wordpress\/","name":"tomaskalabis.com","description":"my personal blog","potentialAction":[{"@type":"SearchAction","target":{"@type":"EntryPoint","urlTemplate":"https:\/\/tomaskalabis.com\/wordpress\/?s={search_term_string}"},"query-input":"required name=search_term_string"}],"inLanguage":"cs"},{"@type":"Person","@id":"https:\/\/tomaskalabis.com\/wordpress\/#\/schema\/person\/8e7e83f618a561ed3734a38cef4cf1d6","name":"Tomas Kalabis","image":{"@type":"ImageObject","inLanguage":"cs","@id":"https:\/\/tomaskalabis.com\/wordpress\/#\/schema\/person\/image\/","url":"https:\/\/secure.gravatar.com\/avatar\/9f7e4796b38d5720e8a07b918f423311?s=96&d=retro&r=g","contentUrl":"https:\/\/secure.gravatar.com\/avatar\/9f7e4796b38d5720e8a07b918f423311?s=96&d=retro&r=g","caption":"Tomas Kalabis"},"sameAs":["https:\/\/x.com\/tomaskalabis"],"url":"https:\/\/tomaskalabis.com\/wordpress\/author\/kalabis\/"}]}},"jetpack_featured_media_url":"","_links":{"self":[{"href":"https:\/\/tomaskalabis.com\/wordpress\/wp-json\/wp\/v2\/posts\/329"}],"collection":[{"href":"https:\/\/tomaskalabis.com\/wordpress\/wp-json\/wp\/v2\/posts"}],"about":[{"href":"https:\/\/tomaskalabis.com\/wordpress\/wp-json\/wp\/v2\/types\/post"}],"author":[{"embeddable":true,"href":"https:\/\/tomaskalabis.com\/wordpress\/wp-json\/wp\/v2\/users\/2"}],"replies":[{"embeddable":true,"href":"https:\/\/tomaskalabis.com\/wordpress\/wp-json\/wp\/v2\/comments?post=329"}],"version-history":[{"count":12,"href":"https:\/\/tomaskalabis.com\/wordpress\/wp-json\/wp\/v2\/posts\/329\/revisions"}],"predecessor-version":[{"id":871,"href":"https:\/\/tomaskalabis.com\/wordpress\/wp-json\/wp\/v2\/posts\/329\/revisions\/871"}],"wp:attachment":[{"href":"https:\/\/tomaskalabis.com\/wordpress\/wp-json\/wp\/v2\/media?parent=329"}],"wp:term":[{"taxonomy":"category","embeddable":true,"href":"https:\/\/tomaskalabis.com\/wordpress\/wp-json\/wp\/v2\/categories?post=329"},{"taxonomy":"post_tag","embeddable":true,"href":"https:\/\/tomaskalabis.com\/wordpress\/wp-json\/wp\/v2\/tags?post=329"}],"curies":[{"name":"wp","href":"https:\/\/api.w.org\/{rel}","templated":true}]}}